{"id":4595,"date":"2020-07-18T21:26:19","date_gmt":"2020-07-18T21:26:19","guid":{"rendered":"http:\/\/fdnoaxaca.net\/?p=4595"},"modified":"2020-07-18T21:26:23","modified_gmt":"2020-07-18T21:26:23","slug":"contrataran-a-mas-personal-medico-para-atender-covid-19-en-oaxaca","status":"publish","type":"post","link":"https:\/\/fdnoaxaca.net\/index.php\/2020\/07\/18\/contrataran-a-mas-personal-medico-para-atender-covid-19-en-oaxaca\/","title":{"rendered":"Contratar\u00e1n a m\u00e1s personal m\u00e9dico para atender Covid-19 en Oaxaca"},"content":{"rendered":"\n<p>Oaxaca de Ju\u00e1rez, Oax. 18 de julio de 2020.- Ante la crisis en el sector salud debido a la pandemia del Covid-19, el gobierno de Oaxaca contar\u00e1 con nueva plantilla de personal m\u00e9dico para atender la emergencia.<\/p>\n\n\n\n<p>Tras la reuni\u00f3n entre funcionarios del gobierno estatal, federal y del Poder Legislativo, los Servicios de Salud de Oaxaca anunciaron que en los siguientes d\u00edas llegar\u00e1n al estado m\u00e1s especialistas para atender a los pacientes cr\u00edticos por el Covid-19.<\/p>\n\n\n\n<p>La nueva plantilla de profesionales de la salud se desplegar\u00e1 a las zonas de mayor incidencia de contagios.<\/p>\n\n\n\n<p>De acuerdo con la dependencia, se aplicar\u00e1 la estrategia de \u201cTelementor\u00eda\u201d, una acci\u00f3n educativa que busca generar un espacio virtual de interacci\u00f3n a distancia en las \u00e1reas de terapia intensiva.<\/p>\n\n\n\n<p>En la reuni\u00f3n estuvieron el titular de la Coordinaci\u00f3n Nacional M\u00e9dica del Instituto de Salud para el Bienestar (Insabi), Alejandro Svarch P\u00e9rez; la directora de Formaci\u00f3n y Capacitaci\u00f3n de Personal de Salud del Insabi, Linda Bucay Harari; la directora general del Centro Nacional para la Prevenci\u00f3n y Control del VIH\/Sida (CENSIDA), Alethse de la Torre Rosas; la senadora Susana Harp Iturribarr\u00eda; as\u00ed como el subdirector general de los SSO, Juan Carlos M\u00e1rquez Heine; y el director Donato Casas Escamilla.<\/p>\n\n\n\n<p>En Oaxaca, hasta el corte del 17 de julio se han contagiado 489 m\u00e9dicos, 631 personal de enfermer\u00eda y 431 otros trabajadores del sector, en total, mil 551 trabajadores de salud han contra\u00eddo el virus.<\/p>\n\n\n\n<p>Debido a los contagios en el personal m\u00e9dico, han sido cerrados los hospitales de Juchit\u00e1n y Nochixtl\u00e1n, en las regiones del Istmo de Tehuantepec y la Mixteca, respectivamente.<\/p>\n","protected":false},"excerpt":{"rendered":"<p>Oaxaca de Ju\u00e1rez, Oax. 18 de julio de 2020.- Ante la crisis en el sector salud debido a la pandemia del Covid-19, el gobierno de Oaxaca contar\u00e1 con nueva plantilla de personal m\u00e9dico para atender la emergencia. Tras la reuni\u00f3n entre funcionarios del gobierno estatal, federal y del Poder Legislativo, los Servicios de Salud de&#8230;<\/p>\n","protected":false},"author":4,"featured_media":4596,"comment_status":"closed","ping_status":"closed","sticky":false,"template":"","format":"standard","meta":{"footnotes":""},"categories":[49],"tags":[],"class_list":["post-4595","post","type-post","status-publish","format-standard","has-post-thumbnail","hentry","category-titulares"],"_links":{"self":[{"href":"https:\/\/fdnoaxaca.net\/index.php\/wp-json\/wp\/v2\/posts\/4595","targetHints":{"allow":["GET"]}}],"collection":[{"href":"https:\/\/fdnoaxaca.net\/index.php\/wp-json\/wp\/v2\/posts"}],"about":[{"href":"https:\/\/fdnoaxaca.net\/index.php\/wp-json\/wp\/v2\/types\/post"}],"author":[{"embeddable":true,"href":"https:\/\/fdnoaxaca.net\/index.php\/wp-json\/wp\/v2\/users\/4"}],"replies":[{"embeddable":true,"href":"https:\/\/fdnoaxaca.net\/index.php\/wp-json\/wp\/v2\/comments?post=4595"}],"version-history":[{"count":1,"href":"https:\/\/fdnoaxaca.net\/index.php\/wp-json\/wp\/v2\/posts\/4595\/revisions"}],"predecessor-version":[{"id":4597,"href":"https:\/\/fdnoaxaca.net\/index.php\/wp-json\/wp\/v2\/posts\/4595\/revisions\/4597"}],"wp:featuredmedia":[{"embeddable":true,"href":"https:\/\/fdnoaxaca.net\/index.php\/wp-json\/wp\/v2\/media\/4596"}],"wp:attachment":[{"href":"https:\/\/fdnoaxaca.net\/index.php\/wp-json\/wp\/v2\/media?parent=4595"}],"wp:term":[{"taxonomy":"category","embeddable":true,"href":"https:\/\/fdnoaxaca.net\/index.php\/wp-json\/wp\/v2\/categories?post=4595"},{"taxonomy":"post_tag","embeddable":true,"href":"https:\/\/fdnoaxaca.net\/index.php\/wp-json\/wp\/v2\/tags?post=4595"}],"curies":[{"name":"wp","href":"https:\/\/api.w.org\/{rel}","templated":true}]}}