{"id":4651,"date":"2020-07-23T23:40:29","date_gmt":"2020-07-23T23:40:29","guid":{"rendered":"http:\/\/fdnoaxaca.net\/?p=4651"},"modified":"2020-07-23T23:40:32","modified_gmt":"2020-07-23T23:40:32","slug":"expide-congreso-ley-que-regula-a-guarderias-y-estancias-infantiles-en-oaxaca-y-sus-municipios","status":"publish","type":"post","link":"https:\/\/fdnoaxaca.net\/index.php\/2020\/07\/23\/expide-congreso-ley-que-regula-a-guarderias-y-estancias-infantiles-en-oaxaca-y-sus-municipios\/","title":{"rendered":"Expide Congreso Ley que regula a guarder\u00edas y estancias infantiles en Oaxaca y sus municipios"},"content":{"rendered":"\n<p><strong>San Raymundo Jalpan, Oax. 23 de Julio de 2020.<\/strong>&#8211;&nbsp; Integrantes de la LXIV Legislatura Local,&nbsp; aprobaron la creaci\u00f3n de la Ley de Prestaci\u00f3n de Servicios para la Atenci\u00f3n, Cuidado y Desarrollo Integral Infantil del Estado, para garantizar la seguridad&nbsp; y la vida de los ni\u00f1os y ni\u00f1as oaxaque\u00f1as.<\/p>\n\n\n\n<p>Dicho instrumento jur\u00eddico, aprobado con 30 votos durante la sesi\u00f3n de este 22 de julio, tiene por objeto uniformar los principios, criterios y estrategias en la prestaci\u00f3n de servicios y desarrollo de actividades de las guarder\u00edas y estancias infantiles en el Estado y sus municipios. La Ley fue impulsada por la diputada, Laura Estrada Mauro, y los congresistas, Alejandro Avil\u00e9s \u00c1lvarez y P\u00e1vel Mel\u00e9ndez Cruz.<\/p>\n\n\n\n<p>La nueva legislaci\u00f3n establece que las ni\u00f1as y ni\u00f1os tienen derecho a la protecci\u00f3n y asistencia especial del estado, por lo que todas las autoridades deben asegurarles el resguardo y el cuidado necesario para su bienestar.<\/p>\n\n\n\n<p>Lo anterior se realizar\u00e1 mediante servicios e instalaciones de su guarda y cuidado cuando sus padres trabajen. Dichas instituciones, servicios y establecimientos deber\u00e1n cumplir con las normas y est\u00e1ndares, lineamientos, medidas y requerimientos en materia de protecci\u00f3n civil, sanitarias y de seguridad.<\/p>\n\n\n\n<p>En este sentido, los centros de atenci\u00f3n que se encuentren operando, con anterioridad a la entrada en vigor de esta ley, contar\u00e1n con el plazo de un a\u00f1o para adecuar sus instalaciones y su normatividad interna, a fin de obtener la autorizaci\u00f3n respectiva.<\/p>\n\n\n\n<p>El Gobierno del Estado y los ayuntamientos, tambi\u00e9n deber\u00e1n realizar las adecuaciones y adiciones a la legislaci\u00f3n en materia de Protecci\u00f3n Civil, en el orden estatal y municipal, as\u00ed como adoptar medidas, especialmente econ\u00f3micas y t\u00e9cnicas para lograr la efectividad de dicha normatividad.<\/p>\n\n\n\n<p>Asimismo, la legislaci\u00f3n permite la participaci\u00f3n de los sectores privado y social en materia de prestaci\u00f3n de servicios de los Centros de Atenci\u00f3n Infantil, garantizando as\u00ed el acceso de ni\u00f1as y ni\u00f1os a dichos servicios, en condiciones de igualdad, calidad, calidez, seguridad y que promueva el ejercicio pleno de sus derechos.<\/p>\n\n\n\n<p>La ley atribuye al Ejecutivo Estatal la responsabilidad de imponer, por conducto de las autoridades de Protecci\u00f3n Civil, la Secretar\u00eda de Salud y el Instituto Estatal de Educaci\u00f3n P\u00fablica de Oaxaca, las sanciones que correspondan en su \u00e1mbito de competencia,&nbsp; por el incumplimiento a las disposiciones de esta ley.<\/p>\n\n\n\n<p>Tambi\u00e9n, crea el Sistema y el Consejo Estatal de los Centros de Atenci\u00f3n como una instancia normativa de consulta y coordinaci\u00f3n,&nbsp; para dar seguimiento a las acciones que permitan establecer pol\u00edticas p\u00fablicas y estrategias de atenci\u00f3n en la materia.<\/p>\n\n\n\n<p>Las disposiciones reglamentarias de esta ley, deber\u00e1n ser expedidas por el Gobierno del Estado, as\u00ed como por los ayuntamientos en un plazo de 180 d\u00edas naturales, contados a trav\u00e9s de la entrada en vigor de la misma.<\/p>\n\n\n\n<p>La legislaci\u00f3n cuenta con 84 art\u00edculos distribuidos en 19 Cap\u00edtulos respecto a la inspecci\u00f3n y vigilancia, medidas precautorias, sanciones e infracciones, capacitaci\u00f3n y certificaci\u00f3n de los Centros, as\u00ed como siete Art\u00edculos Transitorios.<\/p>\n","protected":false},"excerpt":{"rendered":"<p>San Raymundo Jalpan, Oax. 23 de Julio de 2020.&#8211;&nbsp; Integrantes de la LXIV Legislatura Local,&nbsp; aprobaron la creaci\u00f3n de la Ley de Prestaci\u00f3n de Servicios para la Atenci\u00f3n, Cuidado y Desarrollo Integral Infantil del Estado, para garantizar la seguridad&nbsp; y la vida de los ni\u00f1os y ni\u00f1as oaxaque\u00f1as. Dicho instrumento jur\u00eddico, aprobado con 30 votos&#8230;<\/p>\n","protected":false},"author":4,"featured_media":4652,"comment_status":"closed","ping_status":"closed","sticky":false,"template":"","format":"standard","meta":{"footnotes":""},"categories":[4,49],"tags":[],"class_list":["post-4651","post","type-post","status-publish","format-standard","has-post-thumbnail","hentry","category-general","category-titulares"],"_links":{"self":[{"href":"https:\/\/fdnoaxaca.net\/index.php\/wp-json\/wp\/v2\/posts\/4651","targetHints":{"allow":["GET"]}}],"collection":[{"href":"https:\/\/fdnoaxaca.net\/index.php\/wp-json\/wp\/v2\/posts"}],"about":[{"href":"https:\/\/fdnoaxaca.net\/index.php\/wp-json\/wp\/v2\/types\/post"}],"author":[{"embeddable":true,"href":"https:\/\/fdnoaxaca.net\/index.php\/wp-json\/wp\/v2\/users\/4"}],"replies":[{"embeddable":true,"href":"https:\/\/fdnoaxaca.net\/index.php\/wp-json\/wp\/v2\/comments?post=4651"}],"version-history":[{"count":1,"href":"https:\/\/fdnoaxaca.net\/index.php\/wp-json\/wp\/v2\/posts\/4651\/revisions"}],"predecessor-version":[{"id":4653,"href":"https:\/\/fdnoaxaca.net\/index.php\/wp-json\/wp\/v2\/posts\/4651\/revisions\/4653"}],"wp:featuredmedia":[{"embeddable":true,"href":"https:\/\/fdnoaxaca.net\/index.php\/wp-json\/wp\/v2\/media\/4652"}],"wp:attachment":[{"href":"https:\/\/fdnoaxaca.net\/index.php\/wp-json\/wp\/v2\/media?parent=4651"}],"wp:term":[{"taxonomy":"category","embeddable":true,"href":"https:\/\/fdnoaxaca.net\/index.php\/wp-json\/wp\/v2\/categories?post=4651"},{"taxonomy":"post_tag","embeddable":true,"href":"https:\/\/fdnoaxaca.net\/index.php\/wp-json\/wp\/v2\/tags?post=4651"}],"curies":[{"name":"wp","href":"https:\/\/api.w.org\/{rel}","templated":true}]}}