{"id":4705,"date":"2020-07-29T02:00:04","date_gmt":"2020-07-29T02:00:04","guid":{"rendered":"http:\/\/fdnoaxaca.net\/?p=4705"},"modified":"2020-07-29T02:00:06","modified_gmt":"2020-07-29T02:00:06","slug":"entregara-ayuntamiento-de-oaxaca-apoyo-economico-a-afectados-por-incendio-en-el-mercado-de-abasto","status":"publish","type":"post","link":"https:\/\/fdnoaxaca.net\/index.php\/2020\/07\/29\/entregara-ayuntamiento-de-oaxaca-apoyo-economico-a-afectados-por-incendio-en-el-mercado-de-abasto\/","title":{"rendered":"Entregar\u00e1 Ayuntamiento de Oaxaca apoyo econ\u00f3mico a afectados por incendio en el Mercado de Abasto"},"content":{"rendered":"\n<p><strong>Oaxaca de Ju\u00e1rez, Oaxaca. 28 de julio de 2020.-<\/strong>&nbsp;En Sesi\u00f3n Extraordinaria de Cabildo presidida por el edil Oswaldo Garc\u00eda Jarqu\u00edn, concejales del Ayuntamiento de Oaxaca de Ju\u00e1rez aprobaron de forma un\u00e1nime un dictamen presentado por las comisiones unidas de Hacienda Municipal y de Mercados y Comercio en V\u00eda P\u00fablica, con el que se autoriza otorgar un apoyo econ\u00f3mico extraordinario a comerciantes del Mercado de Abasto, afectados por el incendio del pasado 27 de mayo.<\/p>\n\n\n\n<p>La ayuda municipal beneficiar\u00e1 a 150 locatarias y locatarios que sufrieron p\u00e9rdidas en su patrimonio y consistir\u00e1 en la entrega de 3,767 pesos por persona.&nbsp;El monto total de los apoyos ascender\u00e1 a 565,050 pesos.<\/p>\n\n\n\n<p>En consecuencia, se instruy\u00f3 a la titular de la Tesorer\u00eda Municipal a realizar las adecuaciones presupuestales y establecer los mecanismos para que se garantice la entrega de los apoyos correspondientes bajo los principios de transparencia y eficiencia.<\/p>\n\n\n\n<p>Para la entrega del apoyo econ\u00f3mico a las personas afectadas por el incendio se tomar\u00e1 en cuenta: que los puestos, locales o espacios est\u00e9n dentro del \u00e1rea siniestrada establecida en el Reporte de Verificaci\u00f3n T\u00e9cnica, del 28 de mayo, emitido por la Subdirecci\u00f3n de Protecci\u00f3n Civil, y que est\u00e9n enlistados en el censo de damnificados, realizado por la Coordinadora Ejecutiva del Mercado de Abastos.<\/p>\n\n\n\n<p>Adem\u00e1s, se instruy\u00f3 a la Contralora Municipal a efecto de que, en el \u00e1mbito de sus atribuciones, vigile la adecuada integraci\u00f3n de la documentaci\u00f3n comprobatoria, as\u00ed como la correcta aplicaci\u00f3n de los recursos destinados al&nbsp;\u201cApoyo extraordinario a comerciantes afectados del Mercado de Abastos\u201d.<\/p>\n\n\n\n<p>Para la realizaci\u00f3n y ejecuci\u00f3n del apoyo se instruy\u00f3 a los titulares de la Direcci\u00f3n de Gobierno y Coordinaci\u00f3n Ejecutiva del Mercado de Abastos, para que coordinadamente y en el \u00e1mbito de sus facultades y atribuciones, realicen todos los tr\u00e1mites administrativos y operativos correspondientes para el cumplimiento al dictamen.<\/p>\n\n\n\n<p>El Presidente Municipal, Oswaldo Garc\u00eda Jarqu\u00edn, extern\u00f3 su agradecimiento a las y los concejales por la disposici\u00f3n para enriquecer la propuesta de apoyo a las y los comerciantes afectados por el incendio&nbsp;que se origin\u00f3 por trabajos de soldadura que efectuaba una locataria, misma que no contaban con el permiso de la autoridad municipal.<\/p>\n\n\n\n<p>\u201cTenemos que dar soluciones, los locatarios lo \u00fanico que necesitan es apoyo, y m\u00e1s si viene de una autoridad municipal que es la m\u00e1s pr\u00f3xima al ciudadano\u201d, dijo al tiempo de enunciar que el gobierno que preside se ha caracterizado no solo por la transparencia, sino por la cercan\u00eda y la sensibilidad con las personas.<\/p>\n\n\n\n<p>Garc\u00eda Jarqu\u00edn&nbsp;apunt\u00f3 que el apoyo que se aprob\u00f3 para las y los comerciantes les permitir\u00e1 retomar a sus actividades de venta de artesan\u00edas, al tiempo que subray\u00f3&nbsp;que los recursos del pueblo deben ser&nbsp;administrados con honestidad y responsabilidad, como se hace en el Ayuntamiento de Oaxaca de Ju\u00e1rez.<\/p>\n\n\n\n<p>El edil capitalino extern\u00f3 que la ciudad Oaxaca atrae a miles de turistas nacionales y extranjeros, que buscan entre otros atractivos las artesan\u00edas, \u201cpor eso es fundamental que el Gobierno Municipal no permita que estas artesianas, que son un atractivo muy importante, se pierdan, por eso la importancia de apoyar a los afectados\u201d, dijo.<\/p>\n\n\n\n<p>Enfatiz\u00f3 que el Gobierno Municipal, con el respaldo del Cabildo, seguir\u00e1 trabajando a favor de los m\u00e1s desprotegidos y para reactivar la econom\u00eda y recuperar los empleos que se han perdido a causa de la pandemia. Dijo que ha dado indicaciones a diversas \u00e1reas para que se emprendan programas para apoyar a personas que se encuentran en el desempleo y que no son amparadas por programas sociales de alg\u00fan orden de gobierno.<\/p>\n\n\n\n<p>En este contexto, Oswaldo Garc\u00eda Jarqu\u00edn&nbsp;hizo un reconocimiento al Cuerpo de Bomberos de Oaxaca, as\u00ed como a las unidades de emergencia de municipios aleda\u00f1os, por unirse solidariamente para controlar la conflagraci\u00f3n en la madrugada del 28 de mayo.&nbsp;<\/p>\n","protected":false},"excerpt":{"rendered":"<p>Oaxaca de Ju\u00e1rez, Oaxaca. 28 de julio de 2020.-&nbsp;En Sesi\u00f3n Extraordinaria de Cabildo presidida por el edil Oswaldo Garc\u00eda Jarqu\u00edn, concejales del Ayuntamiento de Oaxaca de Ju\u00e1rez aprobaron de forma un\u00e1nime un dictamen presentado por las comisiones unidas de Hacienda Municipal y de Mercados y Comercio en V\u00eda P\u00fablica, con el que se autoriza otorgar&#8230;<\/p>\n","protected":false},"author":4,"featured_media":4706,"comment_status":"closed","ping_status":"closed","sticky":false,"template":"","format":"standard","meta":{"footnotes":""},"categories":[4,49],"tags":[],"class_list":["post-4705","post","type-post","status-publish","format-standard","has-post-thumbnail","hentry","category-general","category-titulares"],"_links":{"self":[{"href":"https:\/\/fdnoaxaca.net\/index.php\/wp-json\/wp\/v2\/posts\/4705","targetHints":{"allow":["GET"]}}],"collection":[{"href":"https:\/\/fdnoaxaca.net\/index.php\/wp-json\/wp\/v2\/posts"}],"about":[{"href":"https:\/\/fdnoaxaca.net\/index.php\/wp-json\/wp\/v2\/types\/post"}],"author":[{"embeddable":true,"href":"https:\/\/fdnoaxaca.net\/index.php\/wp-json\/wp\/v2\/users\/4"}],"replies":[{"embeddable":true,"href":"https:\/\/fdnoaxaca.net\/index.php\/wp-json\/wp\/v2\/comments?post=4705"}],"version-history":[{"count":1,"href":"https:\/\/fdnoaxaca.net\/index.php\/wp-json\/wp\/v2\/posts\/4705\/revisions"}],"predecessor-version":[{"id":4707,"href":"https:\/\/fdnoaxaca.net\/index.php\/wp-json\/wp\/v2\/posts\/4705\/revisions\/4707"}],"wp:featuredmedia":[{"embeddable":true,"href":"https:\/\/fdnoaxaca.net\/index.php\/wp-json\/wp\/v2\/media\/4706"}],"wp:attachment":[{"href":"https:\/\/fdnoaxaca.net\/index.php\/wp-json\/wp\/v2\/media?parent=4705"}],"wp:term":[{"taxonomy":"category","embeddable":true,"href":"https:\/\/fdnoaxaca.net\/index.php\/wp-json\/wp\/v2\/categories?post=4705"},{"taxonomy":"post_tag","embeddable":true,"href":"https:\/\/fdnoaxaca.net\/index.php\/wp-json\/wp\/v2\/tags?post=4705"}],"curies":[{"name":"wp","href":"https:\/\/api.w.org\/{rel}","templated":true}]}}