{"id":4761,"date":"2020-07-31T21:51:20","date_gmt":"2020-07-31T21:51:20","guid":{"rendered":"https:\/\/fdnoaxaca.net\/?p=4761"},"modified":"2020-07-31T21:51:23","modified_gmt":"2020-07-31T21:51:23","slug":"concluye-censo-en-la-ciudad-de-oaxaca-por-sismo-hay-111-viviendas-danadas","status":"publish","type":"post","link":"https:\/\/fdnoaxaca.net\/index.php\/2020\/07\/31\/concluye-censo-en-la-ciudad-de-oaxaca-por-sismo-hay-111-viviendas-danadas\/","title":{"rendered":"Concluye censo en la ciudad de Oaxaca por sismo; hay 111 viviendas da\u00f1adas"},"content":{"rendered":"\n<p>Oaxaca de Ju\u00e1rez, Oax. 31 de julio de\n2020.- A m\u00e1s de un mes del sismo de magnitud 7.4 con epicentro en Oaxaca, el\ngobierno municipal de la capital del estado concluy\u00f3 la supervisi\u00f3n de da\u00f1os en\nviviendas las cuales ascienden a 111 afectadas. <\/p>\n\n\n\n<p>Este viernes, la Subdirecci\u00f3n de Protecci\u00f3n\nCivil de la Direcci\u00f3n de Seguridad P\u00fablica, Vialidad y Protecci\u00f3n Ciudadana\ninform\u00f3 que en la ciudad de Oaxaca hay 111 viviendas con da\u00f1os, de las cuales\n38 tienen afectaciones considerables y 73 con da\u00f1os superficiales. <\/p>\n\n\n\n<p>De acuerdo con el gobierno municipal,\nesta evaluaci\u00f3n sirvi\u00f3 a los representantes de la Federaci\u00f3n y del gobierno\nestatal como una gu\u00eda de asesoramiento para verificar si los due\u00f1os de las\nviviendas valoradas estuvieran en el rango para acceder a los recursos del\nFondo para la Atenci\u00f3n de Emergencias (FONDEN), como apoyo al bienestar de la\ncomunidad capitalina.<\/p>\n\n\n\n<p>Durante poco m\u00e1s de un mes, el\npersonal evalu\u00f3 las casas de las agencias de Trinidad de Viguera, Pueblo Nuevo,\nSanta Rosa Panzacola, Montoya, San Mart\u00edn Mexic\u00e1pam, San Juan Chapultepec,\nCinco Se\u00f1ores, Donaj\u00ed, San Luis Beltr\u00e1n, San Felipe del Agua y la cabecera\nmunicipal. Se atendieron tambi\u00e9n 12 mercados p\u00fablicos, el Jard\u00edn S\u00f3crates y el\nKiosco del z\u00f3calo capitalino; en esos lugares, asegur\u00f3 el ayuntamiento, no se presentan\nriesgos mayores en su estructura.<\/p>\n\n\n\n<p>En Oaxaca, un sismo de magnitud 7.4\nocurri\u00f3 la ma\u00f1ana del 23 de junio con epicentro en La Crucecita, el cual afect\u00f3\nm\u00e1s de ocho mil viviendas en el estado y caus\u00f3 la muerte de 10 personas. La\nSierra Sur y la Costa fueron las regiones m\u00e1s perjudicadas por el fen\u00f3meno\nnatural. <\/p>\n","protected":false},"excerpt":{"rendered":"<p>Oaxaca de Ju\u00e1rez, Oax. 31 de julio de 2020.- A m\u00e1s de un mes del sismo de magnitud 7.4 con epicentro en Oaxaca, el gobierno municipal de la capital del estado concluy\u00f3 la supervisi\u00f3n de da\u00f1os en viviendas las cuales ascienden a 111 afectadas. Este viernes, la Subdirecci\u00f3n de Protecci\u00f3n Civil de la Direcci\u00f3n de&#8230;<\/p>\n","protected":false},"author":4,"featured_media":4762,"comment_status":"closed","ping_status":"closed","sticky":false,"template":"","format":"standard","meta":{"footnotes":""},"categories":[4],"tags":[],"class_list":["post-4761","post","type-post","status-publish","format-standard","has-post-thumbnail","hentry","category-general"],"_links":{"self":[{"href":"https:\/\/fdnoaxaca.net\/index.php\/wp-json\/wp\/v2\/posts\/4761","targetHints":{"allow":["GET"]}}],"collection":[{"href":"https:\/\/fdnoaxaca.net\/index.php\/wp-json\/wp\/v2\/posts"}],"about":[{"href":"https:\/\/fdnoaxaca.net\/index.php\/wp-json\/wp\/v2\/types\/post"}],"author":[{"embeddable":true,"href":"https:\/\/fdnoaxaca.net\/index.php\/wp-json\/wp\/v2\/users\/4"}],"replies":[{"embeddable":true,"href":"https:\/\/fdnoaxaca.net\/index.php\/wp-json\/wp\/v2\/comments?post=4761"}],"version-history":[{"count":2,"href":"https:\/\/fdnoaxaca.net\/index.php\/wp-json\/wp\/v2\/posts\/4761\/revisions"}],"predecessor-version":[{"id":4764,"href":"https:\/\/fdnoaxaca.net\/index.php\/wp-json\/wp\/v2\/posts\/4761\/revisions\/4764"}],"wp:featuredmedia":[{"embeddable":true,"href":"https:\/\/fdnoaxaca.net\/index.php\/wp-json\/wp\/v2\/media\/4762"}],"wp:attachment":[{"href":"https:\/\/fdnoaxaca.net\/index.php\/wp-json\/wp\/v2\/media?parent=4761"}],"wp:term":[{"taxonomy":"category","embeddable":true,"href":"https:\/\/fdnoaxaca.net\/index.php\/wp-json\/wp\/v2\/categories?post=4761"},{"taxonomy":"post_tag","embeddable":true,"href":"https:\/\/fdnoaxaca.net\/index.php\/wp-json\/wp\/v2\/tags?post=4761"}],"curies":[{"name":"wp","href":"https:\/\/api.w.org\/{rel}","templated":true}]}}