{"id":4785,"date":"2020-08-07T05:10:38","date_gmt":"2020-08-07T05:10:38","guid":{"rendered":"https:\/\/fdnoaxaca.net\/?p=4785"},"modified":"2020-08-07T05:10:51","modified_gmt":"2020-08-07T05:10:51","slug":"transmitiran-por-cortv-las-clases-para-alumnos-de-educacion-basica-en-oaxaca","status":"publish","type":"post","link":"https:\/\/fdnoaxaca.net\/index.php\/2020\/08\/07\/transmitiran-por-cortv-las-clases-para-alumnos-de-educacion-basica-en-oaxaca\/","title":{"rendered":"Transmitir\u00e1n por Cortv las clases para alumnos de educaci\u00f3n b\u00e1sica en Oaxaca"},"content":{"rendered":"\n<p>Oaxaca de Ju\u00e1rez, Oax. 6 de agosto de 2020.- El 24 de agosto iniciar\u00e1 el ciclo escolar 2020-2021 a trav\u00e9s del programa a distancia \u201cAprende en Casa II\u201d; y para ello, en la entidad, el Instituto Estatal de Educaci\u00f3n P\u00fablica de Oaxaca (IEEPO) con el acompa\u00f1amiento de la Corporaci\u00f3n Oaxaque\u00f1a de Radio y Televisi\u00f3n (CORTV), garantizar\u00e1 la transmisi\u00f3n diaria de los contenidos elaborados por la Secretar\u00eda de Educaci\u00f3n P\u00fablica (SEP), en los canales 9.1 y 9.2 de televisi\u00f3n abierta.<\/p>\n\n\n\n<p>Ante la orograf\u00eda que presenta el estado, para quienes no tengan acceso a este medio de comunicaci\u00f3n se les dotar\u00e1 de gu\u00edas y con el apoyo de los libros de texto gratuitos, y dem\u00e1s materiales educativos, en formato f\u00edsico y digital, podr\u00e1n continuar con sus estudios. Tambi\u00e9n, se han preparado clases a trav\u00e9s de la radio, en 22 lenguas ind\u00edgenas diferentes del pa\u00eds.<\/p>\n\n\n\n<p>Con el objetivo de establecer las bases bajo las cuales colaborar\u00e1n de manera conjunta, para llevar a cabo la reproducci\u00f3n televisiva del programa \u201cAprende en Casa II\u201d, en los niveles de educaci\u00f3n preescolar, primaria y secundaria, los directores del Instituto Estatal de Educaci\u00f3n P\u00fablica de Oaxaca (IEEPO), Francisco \u00c1ngel Villarreal y de la Corporaci\u00f3n Oaxaque\u00f1a de Radio y Televisi\u00f3n (CORTV), Mart\u00edn V\u00e1squez Villanueva, firmaron un convenio de colaboraci\u00f3n.<\/p>\n\n\n\n<p>Oaxaca cuenta con el canal adicional de televisi\u00f3n abierta 9.2, que replicar\u00e1 \u00edntegramente la Se\u00f1al 11.2 Canal Once ni\u00f1as y ni\u00f1os del Instituto Polit\u00e9cnico Nacional, de manera temporal. Adem\u00e1s, por el canal 9.1 se difundir\u00e1 la programaci\u00f3n diaria de los contenidos educativos, en un horario de 8:00 a las 19:00 horas de lunes a viernes.<\/p>\n\n\n\n<p>El director General del IEEPO resalt\u00f3 la disposici\u00f3n del director de la CORTV para continuar en colaboraci\u00f3n conjunta en el desarrollo del ciclo escolar 2020-2021, y alcanzar resultados satisfactorios con los aprendizajes esperados para cada ni\u00f1o y adolescente del Sistema Educativo Nacional, con la cobertura de la televisora local y la radio.<\/p>\n\n\n\n<p>En la educaci\u00f3n b\u00e1sica, los libros de texto gratuitos son la herramienta fundamental y el eje esencial que permite a los estudiantes reforzar y continuar su formaci\u00f3n acad\u00e9mica en este periodo de actividades a distancia, se\u00f1al\u00f3 al anunciar que en fecha pr\u00f3xima comenzar\u00e1 la entrega de estos materiales para que todo el alumnado cuente con ellos. <\/p>\n\n\n\n<p>\u00c1ngel Villarreal, hizo un reconocimiento a los docentes de Oaxaca, por la responsabilidad y compromiso mostrado; as\u00ed como a los padres de familia, quienes han apoyado la formaci\u00f3n de sus hijos en el periodo de confinamiento, en el cual se ha revalorado el insustituible papel que los maestros desempe\u00f1an.<\/p>\n\n\n\n<p>Por su parte, el director de la Corporaci\u00f3n Oaxaque\u00f1a de Radio y Televisi\u00f3n se\u00f1al\u00f3 que la televisora local refrenda su vocaci\u00f3n al servicio de la sociedad y como en los \u00faltimos meses con la transmisi\u00f3n de \u201cAprende en casa I\u201d y \u201cVerano Divertido\u201d, coadyuva nuevamente en el aprendizaje de la ni\u00f1ez y adolescencia en tiempos de contingencia.<\/p>\n\n\n\n<p>En Oaxaca, las clases presenciales se retomar\u00e1n cuando el sem\u00e1foro epidemiol\u00f3gico se encuentre en verde, en una decisi\u00f3n, en consenso, con los actores del proceso educativo.<\/p>\n","protected":false},"excerpt":{"rendered":"<p>Oaxaca de Ju\u00e1rez, Oax. 6 de agosto de 2020.- El 24 de agosto iniciar\u00e1 el ciclo escolar 2020-2021 a trav\u00e9s del programa a distancia \u201cAprende en Casa II\u201d; y para ello, en la entidad, el Instituto Estatal de Educaci\u00f3n P\u00fablica de Oaxaca (IEEPO) con el acompa\u00f1amiento de la Corporaci\u00f3n Oaxaque\u00f1a de Radio y Televisi\u00f3n (CORTV),&#8230;<\/p>\n","protected":false},"author":4,"featured_media":4786,"comment_status":"closed","ping_status":"closed","sticky":false,"template":"","format":"standard","meta":{"footnotes":""},"categories":[4],"tags":[],"class_list":["post-4785","post","type-post","status-publish","format-standard","has-post-thumbnail","hentry","category-general"],"_links":{"self":[{"href":"https:\/\/fdnoaxaca.net\/index.php\/wp-json\/wp\/v2\/posts\/4785","targetHints":{"allow":["GET"]}}],"collection":[{"href":"https:\/\/fdnoaxaca.net\/index.php\/wp-json\/wp\/v2\/posts"}],"about":[{"href":"https:\/\/fdnoaxaca.net\/index.php\/wp-json\/wp\/v2\/types\/post"}],"author":[{"embeddable":true,"href":"https:\/\/fdnoaxaca.net\/index.php\/wp-json\/wp\/v2\/users\/4"}],"replies":[{"embeddable":true,"href":"https:\/\/fdnoaxaca.net\/index.php\/wp-json\/wp\/v2\/comments?post=4785"}],"version-history":[{"count":1,"href":"https:\/\/fdnoaxaca.net\/index.php\/wp-json\/wp\/v2\/posts\/4785\/revisions"}],"predecessor-version":[{"id":4787,"href":"https:\/\/fdnoaxaca.net\/index.php\/wp-json\/wp\/v2\/posts\/4785\/revisions\/4787"}],"wp:featuredmedia":[{"embeddable":true,"href":"https:\/\/fdnoaxaca.net\/index.php\/wp-json\/wp\/v2\/media\/4786"}],"wp:attachment":[{"href":"https:\/\/fdnoaxaca.net\/index.php\/wp-json\/wp\/v2\/media?parent=4785"}],"wp:term":[{"taxonomy":"category","embeddable":true,"href":"https:\/\/fdnoaxaca.net\/index.php\/wp-json\/wp\/v2\/categories?post=4785"},{"taxonomy":"post_tag","embeddable":true,"href":"https:\/\/fdnoaxaca.net\/index.php\/wp-json\/wp\/v2\/tags?post=4785"}],"curies":[{"name":"wp","href":"https:\/\/api.w.org\/{rel}","templated":true}]}}