{"id":4807,"date":"2020-08-10T21:50:05","date_gmt":"2020-08-10T21:50:05","guid":{"rendered":"https:\/\/fdnoaxaca.net\/?p=4807"},"modified":"2020-08-10T21:50:08","modified_gmt":"2020-08-10T21:50:08","slug":"lluvias-causan-danos-en-la-cuenca-mixteca-y-costa-de-oaxaca","status":"publish","type":"post","link":"https:\/\/fdnoaxaca.net\/index.php\/2020\/08\/10\/lluvias-causan-danos-en-la-cuenca-mixteca-y-costa-de-oaxaca\/","title":{"rendered":"Lluvias causan da\u00f1os en la Cuenca, Mixteca y Costa de Oaxaca"},"content":{"rendered":"\n<p>Oaxaca de Ju\u00e1rez, Oax. 10 de agosto de 2020.- El paso de la onda tropical 22 ocasion\u00f3 da\u00f1os materiales en las regiones de la Cuenca del Papaloapan, Mixteca y Costa de Oaxaca, debido a las fuertes lluvias generadas en las \u00faltimas 24 horas.<\/p>\n\n\n\n<p>En San Felipe Usila, municipio de la Cuenca del Papaloapan, a alrededor de 40 viviendas quedaron inundadas en las colonias de Aeropuerto, Ampliaci\u00f3n, Barrio Chico y Buenavista, inform\u00f3 la Coordinaci\u00f3n Estatal de Protecci\u00f3n Civil.<\/p>\n\n\n\n<p>En San Andr\u00e9s Huaxpaltepec, de la regi\u00f3n de la Costa, las lluvias ocasionaron da\u00f1os en el kil\u00f3metro uno de la carretera que conduce de este municipio a Cubit\u00e1n de Dolores. En este lugar un veh\u00edculo result\u00f3 afectado tras el hundimiento de la carretera. <\/p>\n\n\n\n<p>Mientras en la Mixteca, las lluvias causaron derrumbes en la carretera de Asunci\u00f3n Atoyaquillo, donde en la v\u00eda federal 125 solo hay tr\u00e1nsito por el momento en un carril, en el kil\u00f3metro 158.<\/p>\n\n\n\n<p>En tanto, en las comunidades de San Isidro Paz y Progreso, del municipio de Santa Mar\u00eda Yucuhiti, se report\u00f3 la inestabilidad de laderas, lo que pone en riesgo postes de luz.<\/p>\n\n\n\n<p>En el municipio de Santa Mar\u00eda Zacatepec, una barda de la primaria &#8220;Vicente Su\u00e1rez&#8221; cay\u00f3 en San Marcos Nejapa, debido al resblandecimiento de la tierra por las lluvias.<\/p>\n\n\n\n<p>En todos los casos, Protecci\u00f3n Civil report\u00f3 da\u00f1os materiales, y hasta el momento no se ha informado de personas lesionadas.<\/p>\n\n\n\n<p>Inform\u00f3, adem\u00e1s, que las lluvias continuar\u00e1n en Oaxaca durante las siguientes horas de este lunes por un canal de baja presi\u00f3n extendido en el litoral del Golfo de M\u00e9xico y sureste del pa\u00eds.<\/p>\n","protected":false},"excerpt":{"rendered":"<p>Oaxaca de Ju\u00e1rez, Oax. 10 de agosto de 2020.- El paso de la onda tropical 22 ocasion\u00f3 da\u00f1os materiales en las regiones de la Cuenca del Papaloapan, Mixteca y Costa de Oaxaca, debido a las fuertes lluvias generadas en las \u00faltimas 24 horas. En San Felipe Usila, municipio de la Cuenca del Papaloapan, a alrededor&#8230;<\/p>\n","protected":false},"author":4,"featured_media":4808,"comment_status":"closed","ping_status":"closed","sticky":false,"template":"","format":"standard","meta":{"footnotes":""},"categories":[49],"tags":[],"class_list":["post-4807","post","type-post","status-publish","format-standard","has-post-thumbnail","hentry","category-titulares"],"_links":{"self":[{"href":"https:\/\/fdnoaxaca.net\/index.php\/wp-json\/wp\/v2\/posts\/4807","targetHints":{"allow":["GET"]}}],"collection":[{"href":"https:\/\/fdnoaxaca.net\/index.php\/wp-json\/wp\/v2\/posts"}],"about":[{"href":"https:\/\/fdnoaxaca.net\/index.php\/wp-json\/wp\/v2\/types\/post"}],"author":[{"embeddable":true,"href":"https:\/\/fdnoaxaca.net\/index.php\/wp-json\/wp\/v2\/users\/4"}],"replies":[{"embeddable":true,"href":"https:\/\/fdnoaxaca.net\/index.php\/wp-json\/wp\/v2\/comments?post=4807"}],"version-history":[{"count":1,"href":"https:\/\/fdnoaxaca.net\/index.php\/wp-json\/wp\/v2\/posts\/4807\/revisions"}],"predecessor-version":[{"id":4809,"href":"https:\/\/fdnoaxaca.net\/index.php\/wp-json\/wp\/v2\/posts\/4807\/revisions\/4809"}],"wp:featuredmedia":[{"embeddable":true,"href":"https:\/\/fdnoaxaca.net\/index.php\/wp-json\/wp\/v2\/media\/4808"}],"wp:attachment":[{"href":"https:\/\/fdnoaxaca.net\/index.php\/wp-json\/wp\/v2\/media?parent=4807"}],"wp:term":[{"taxonomy":"category","embeddable":true,"href":"https:\/\/fdnoaxaca.net\/index.php\/wp-json\/wp\/v2\/categories?post=4807"},{"taxonomy":"post_tag","embeddable":true,"href":"https:\/\/fdnoaxaca.net\/index.php\/wp-json\/wp\/v2\/tags?post=4807"}],"curies":[{"name":"wp","href":"https:\/\/api.w.org\/{rel}","templated":true}]}}