{"id":4820,"date":"2020-08-11T19:47:40","date_gmt":"2020-08-11T19:47:40","guid":{"rendered":"https:\/\/fdnoaxaca.net\/?p=4820"},"modified":"2020-08-11T19:47:44","modified_gmt":"2020-08-11T19:47:44","slug":"nueve-bebes-contagiados-de-covid-19-internados-en-hospital-civil-de-oaxaca","status":"publish","type":"post","link":"https:\/\/fdnoaxaca.net\/index.php\/2020\/08\/11\/nueve-bebes-contagiados-de-covid-19-internados-en-hospital-civil-de-oaxaca\/","title":{"rendered":"Nueve beb\u00e9s contagiados de Covid-19, internados en hospital civil de Oaxaca"},"content":{"rendered":"\n<p>Oaxaca de Ju\u00e1rez, Oax, 11 de agosto de 2020.- Nueve beb\u00e9s resultaron contagiados de Covid-19 recientemente en Oaxaca, por lo que se encuentran internados en el hospital civil &#8220;Doctor Aurelio Valdivieso&#8221;.<\/p>\n\n\n\n<p>Los Servicios de Salud de Oaxaca (SSO) informaron que el hospital civil brinda atenci\u00f3n especializada en el \u00e1rea de Pediatr\u00eda a los nueve menores de edad que dieron positivo a la prueba de Covid-19.<\/p>\n\n\n\n<p>El encargado del nosocomio, Manuel S\u00e1nchez S\u00e1nchez, explic\u00f3 que se trata de cuatro reci\u00e9n nacidos que se encuentran aislados en el \u00e1rea de Lactantes, tres en el \u00e1rea Covid-19, uno en Terapia Intermedia con protocolos de aislamiento. Adem\u00e1s, hay otros dos casos probables que se encuentran en observaci\u00f3n en las \u00e1reas de Urgencias de Pediatr\u00eda y Toco-Pediatr\u00eda.<\/p>\n\n\n\n<p>Asegur\u00f3 que la condici\u00f3n cl\u00ednica de los pacientes es estable, bajo vigilancia permanente y aplicando los lineamientos de bioseguridad, para protecci\u00f3n de los usuarios de la unidad m\u00e9dica, as\u00ed como del personal sanitario.<\/p>\n\n\n\n<p>El hospital civil, ubicado al norte de la ciudad de Oaxaca, es un centro m\u00e9dico de concentraci\u00f3n, donde los pacientes son referidos de todas las regiones del estado. <\/p>\n\n\n\n<p>De acuerdo con el responsable de esta unidad hospitalaria, las mujeres que han dado a luz en el hospital General y dieron positivo a la prueba de Covid-19, han recibido una atenci\u00f3n m\u00e9dica cumpliendo con los protocolos sanitarios.<\/p>\n\n\n\n<p>Indic\u00f3 tambi\u00e9n que hasta el momento no se ha reportado el fallecimiento de ning\u00fan ni\u00f1o, o reci\u00e9n nacido a consecuencia de la enfermedad v\u00edrica. <\/p>\n\n\n\n<p>En Oaxaca, hasta el 10 de agosto hab\u00eda 11 mil 759 casos de Covid-19, de los cuales mil 68 pacientes han muerto.<\/p>\n","protected":false},"excerpt":{"rendered":"<p>Oaxaca de Ju\u00e1rez, Oax, 11 de agosto de 2020.- Nueve beb\u00e9s resultaron contagiados de Covid-19 recientemente en Oaxaca, por lo que se encuentran internados en el hospital civil &#8220;Doctor Aurelio Valdivieso&#8221;. Los Servicios de Salud de Oaxaca (SSO) informaron que el hospital civil brinda atenci\u00f3n especializada en el \u00e1rea de Pediatr\u00eda a los nueve menores&#8230;<\/p>\n","protected":false},"author":4,"featured_media":4821,"comment_status":"closed","ping_status":"closed","sticky":false,"template":"","format":"standard","meta":{"footnotes":""},"categories":[49],"tags":[],"class_list":["post-4820","post","type-post","status-publish","format-standard","has-post-thumbnail","hentry","category-titulares"],"_links":{"self":[{"href":"https:\/\/fdnoaxaca.net\/index.php\/wp-json\/wp\/v2\/posts\/4820","targetHints":{"allow":["GET"]}}],"collection":[{"href":"https:\/\/fdnoaxaca.net\/index.php\/wp-json\/wp\/v2\/posts"}],"about":[{"href":"https:\/\/fdnoaxaca.net\/index.php\/wp-json\/wp\/v2\/types\/post"}],"author":[{"embeddable":true,"href":"https:\/\/fdnoaxaca.net\/index.php\/wp-json\/wp\/v2\/users\/4"}],"replies":[{"embeddable":true,"href":"https:\/\/fdnoaxaca.net\/index.php\/wp-json\/wp\/v2\/comments?post=4820"}],"version-history":[{"count":1,"href":"https:\/\/fdnoaxaca.net\/index.php\/wp-json\/wp\/v2\/posts\/4820\/revisions"}],"predecessor-version":[{"id":4822,"href":"https:\/\/fdnoaxaca.net\/index.php\/wp-json\/wp\/v2\/posts\/4820\/revisions\/4822"}],"wp:featuredmedia":[{"embeddable":true,"href":"https:\/\/fdnoaxaca.net\/index.php\/wp-json\/wp\/v2\/media\/4821"}],"wp:attachment":[{"href":"https:\/\/fdnoaxaca.net\/index.php\/wp-json\/wp\/v2\/media?parent=4820"}],"wp:term":[{"taxonomy":"category","embeddable":true,"href":"https:\/\/fdnoaxaca.net\/index.php\/wp-json\/wp\/v2\/categories?post=4820"},{"taxonomy":"post_tag","embeddable":true,"href":"https:\/\/fdnoaxaca.net\/index.php\/wp-json\/wp\/v2\/tags?post=4820"}],"curies":[{"name":"wp","href":"https:\/\/api.w.org\/{rel}","templated":true}]}}