{"id":4920,"date":"2020-08-20T20:21:21","date_gmt":"2020-08-20T20:21:21","guid":{"rendered":"https:\/\/fdnoaxaca.net\/?p=4920"},"modified":"2020-08-20T20:21:25","modified_gmt":"2020-08-20T20:21:25","slug":"apoyo-de-padres-de-familia-fundamental-en-el-nuevo-ciclo-escolar-a-distancia-ieepo","status":"publish","type":"post","link":"https:\/\/fdnoaxaca.net\/index.php\/2020\/08\/20\/apoyo-de-padres-de-familia-fundamental-en-el-nuevo-ciclo-escolar-a-distancia-ieepo\/","title":{"rendered":"Apoyo de padres de familia, fundamental en el nuevo ciclo escolar a distancia: IEEPO"},"content":{"rendered":"\n<p>Oaxaca de Ju\u00e1rez, Oax. 20 de agosto de 2020.- El pr\u00f3ximo lunes 24 de agosto, en Oaxaca, al igual que en el resto del pa\u00eds dar\u00e1 inicio el ciclo escolar 2020-2021. <\/p>\n\n\n\n<p>Las clases y dem\u00e1s actividades acad\u00e9micas se retomar\u00e1n a distancia para cuidar la salud y la vida de estudiantes, y el personal.<\/p>\n\n\n\n<p>El director general del Instituto Estatal de Educaci\u00f3n P\u00fablica de Oaxaca (IEEPO), Francisco \u00c1ngel Villarreal, comparti\u00f3 un mensaje grabado en video a la comunidad escolar, donde afirm\u00f3 que \u201cHoy la cruzada es por la educaci\u00f3n y en ella participamos todas y todos\u201d.<\/p>\n\n\n\n<p>Al dirigirse a docentes, directores, supervisores, trabajadores de apoyo a la educaci\u00f3n, padres de familia, tutores, ni\u00f1os, adolescentes y j\u00f3venes estudiantes, se\u00f1al\u00f3 que los maestros son insustituibles, la fuerza del proceso educativo, ejemplo de responsabilidad, trabajo y amor a la profesi\u00f3n de ense\u00f1ar por vocaci\u00f3n.<\/p>\n\n\n\n<p>Destac\u00f3 que junto con ellos, las autoridades municipales y escolares, padres de familia, estudiantes, la Secretar\u00eda de Educaci\u00f3n P\u00fablica (SEP), que encabeza Esteban Moctezuma Barrag\u00e1n y el Gobierno del Estado a trav\u00e9s del IEEPO, trazan la ruta para una buena educaci\u00f3n en estos tiempos de pandemia y confinamiento.<\/p>\n\n\n\n<p>\u00c1ngel Villarreal enfatiz\u00f3 que en esta fase a distancia del ciclo escolar 2020-2021, la herramienta principal ser\u00e1n los libros de texto gratuitos y el uso de herramientas tecnol\u00f3gicas y pedag\u00f3gicas que est\u00e9n al alcance de maestros y sus alumnos como son: las televisiones y radios estatales, internet, peri\u00f3dicos murales, narrativas locales, cuadernillos y toda aquella que pueda surgir de la vasta experiencia de los docentes de Oaxaca.<\/p>\n\n\n\n<p>Resalt\u00f3 que el apoyo de los padres de familia en esta primera etapa, ser\u00e1 tambi\u00e9n fundamental, por lo cual agradeci\u00f3 su paciencia. \u201cEl gobierno que encabeza Alejandro Murat y para el Gobierno Federal que dirige el presidente Andr\u00e9s Manuel L\u00f3pez Obrador, lo primero es la vida y la salud, por eso no se regresar\u00e1 a clases presenciales, hasta que el sem\u00e1foro est\u00e9 en verde y estemos de acuerdo todo quienes formamos parte del proceso educativo\u201d, manifest\u00f3.<\/p>\n\n\n\n<p>El titular del IEEPO convoc\u00f3 a consolidar las actividades de la educaci\u00f3n a distancia, superando las limitaciones que tenemos presentes, a trav\u00e9s de nuestras fortalezas como el trabajo colaborativo, la familia, la empat\u00eda y la solidaridad. \u201cJuntos por la salud y la educaci\u00f3n de nuestras familias, saldremos adelante\u201d, finaliz\u00f3. <\/p>\n\n\n\n<p>El ciclo escolar 2020-2021, que concluir\u00e1 el 9 de julio de 2021, se apoyar\u00e1 en el programa a distancia \u201cAprende en Casa II\u201d, cuyos contenidos se transmiten en los canales 9.1 y 9.2 de la Corporaci\u00f3n Oaxaque\u00f1a de Radio y Televisi\u00f3n (CORTV). Tambi\u00e9n como herramientas adicionales se cuenta con la serie radiof\u00f3nica \u201cAprendiendo desde mi comunidad\u201d, materiales en la p\u00e1gina web institucional y en plataformas digitales.<\/p>\n","protected":false},"excerpt":{"rendered":"<p>Oaxaca de Ju\u00e1rez, Oax. 20 de agosto de 2020.- El pr\u00f3ximo lunes 24 de agosto, en Oaxaca, al igual que en el resto del pa\u00eds dar\u00e1 inicio el ciclo escolar 2020-2021. Las clases y dem\u00e1s actividades acad\u00e9micas se retomar\u00e1n a distancia para cuidar la salud y la vida de estudiantes, y el personal. El director&#8230;<\/p>\n","protected":false},"author":4,"featured_media":4921,"comment_status":"closed","ping_status":"closed","sticky":false,"template":"","format":"standard","meta":{"footnotes":""},"categories":[49],"tags":[],"class_list":["post-4920","post","type-post","status-publish","format-standard","has-post-thumbnail","hentry","category-titulares"],"_links":{"self":[{"href":"https:\/\/fdnoaxaca.net\/index.php\/wp-json\/wp\/v2\/posts\/4920","targetHints":{"allow":["GET"]}}],"collection":[{"href":"https:\/\/fdnoaxaca.net\/index.php\/wp-json\/wp\/v2\/posts"}],"about":[{"href":"https:\/\/fdnoaxaca.net\/index.php\/wp-json\/wp\/v2\/types\/post"}],"author":[{"embeddable":true,"href":"https:\/\/fdnoaxaca.net\/index.php\/wp-json\/wp\/v2\/users\/4"}],"replies":[{"embeddable":true,"href":"https:\/\/fdnoaxaca.net\/index.php\/wp-json\/wp\/v2\/comments?post=4920"}],"version-history":[{"count":1,"href":"https:\/\/fdnoaxaca.net\/index.php\/wp-json\/wp\/v2\/posts\/4920\/revisions"}],"predecessor-version":[{"id":4922,"href":"https:\/\/fdnoaxaca.net\/index.php\/wp-json\/wp\/v2\/posts\/4920\/revisions\/4922"}],"wp:featuredmedia":[{"embeddable":true,"href":"https:\/\/fdnoaxaca.net\/index.php\/wp-json\/wp\/v2\/media\/4921"}],"wp:attachment":[{"href":"https:\/\/fdnoaxaca.net\/index.php\/wp-json\/wp\/v2\/media?parent=4920"}],"wp:term":[{"taxonomy":"category","embeddable":true,"href":"https:\/\/fdnoaxaca.net\/index.php\/wp-json\/wp\/v2\/categories?post=4920"},{"taxonomy":"post_tag","embeddable":true,"href":"https:\/\/fdnoaxaca.net\/index.php\/wp-json\/wp\/v2\/tags?post=4920"}],"curies":[{"name":"wp","href":"https:\/\/api.w.org\/{rel}","templated":true}]}}