{"id":4939,"date":"2020-08-23T01:49:15","date_gmt":"2020-08-23T01:49:15","guid":{"rendered":"https:\/\/fdnoaxaca.net\/?p=4939"},"modified":"2020-08-23T01:49:19","modified_gmt":"2020-08-23T01:49:19","slug":"buscan-desde-el-congreso-inclusion-de-los-pueblos-indigenas-en-los-planes-municipales-de-desarrollo","status":"publish","type":"post","link":"https:\/\/fdnoaxaca.net\/index.php\/2020\/08\/23\/buscan-desde-el-congreso-inclusion-de-los-pueblos-indigenas-en-los-planes-municipales-de-desarrollo\/","title":{"rendered":"Buscan desde el Congreso inclusi\u00f3n de los pueblos ind\u00edgenas en los planes municipales de desarrollo"},"content":{"rendered":"\n<p><strong>San Raymundo Jalpan, Oax. 22 de agosto de 2020.<\/strong>&nbsp;Desde la Legislatura local se impulsa una reforma para que los ayuntamientos de Oaxaca esten obligados a incluir a las comunidades ind\u00edgenas y afromexicanas, en la formulaci\u00f3n de sus planes municipales de desarrollo.<\/p>\n\n\n\n<p>Esta propuesta para modificar la Ley Org\u00e1nica Municipal del Estado, se complementar\u00eda con la nueva Ley de Consulta Previa, Libre e Informada para los Pueblos Ind\u00edgenas y Afromexicanos, aprobada a principios de 2020.<\/p>\n\n\n\n<p>La iniciativa con &nbsp;proyecto de decreto busca establecer dentro de las atribuciones del cabildo, la obligaci\u00f3n de preservar la cultura, los derechos ling\u00fc\u00edsticos, as\u00ed como las tradiciones de los pueblos y comunidades, tomando en cuenta su opini\u00f3n en la formulaci\u00f3n de los planes municipales de desarrollo y en los asuntos municipales que les afecten.<\/p>\n\n\n\n<p>Impulsada por el legislador, P\u00e1vel Mel\u00e9ndez Cruz, se trata de una herramienta de trabajo indispensable para contar oportunamente con un diagn\u00f3stico de la realidad de cada municipio, plantear objetivos y pol\u00edticas p\u00fablicas claramente identificables y, sin duda, permitir la toma de decisiones responsables como en la designaci\u00f3n de obras prioritarias.<\/p>\n\n\n\n<p>As\u00ed se propiciar\u00eda una aut\u00e9ntica participaci\u00f3n ciudadana, como un elemento fundamental para conocer las necesidades existentes bajo una visi\u00f3n colectiva e incluyente, donde el ciudadano y los ayuntamientos descubran que la cooperaci\u00f3n es fundamental para el entorno municipal.<\/p>\n","protected":false},"excerpt":{"rendered":"<p>San Raymundo Jalpan, Oax. 22 de agosto de 2020.&nbsp;Desde la Legislatura local se impulsa una reforma para que los ayuntamientos de Oaxaca esten obligados a incluir a las comunidades ind\u00edgenas y afromexicanas, en la formulaci\u00f3n de sus planes municipales de desarrollo. Esta propuesta para modificar la Ley Org\u00e1nica Municipal del Estado, se complementar\u00eda con la&#8230;<\/p>\n","protected":false},"author":4,"featured_media":3947,"comment_status":"closed","ping_status":"closed","sticky":false,"template":"","format":"standard","meta":{"footnotes":""},"categories":[4],"tags":[],"class_list":["post-4939","post","type-post","status-publish","format-standard","has-post-thumbnail","hentry","category-general"],"_links":{"self":[{"href":"https:\/\/fdnoaxaca.net\/index.php\/wp-json\/wp\/v2\/posts\/4939","targetHints":{"allow":["GET"]}}],"collection":[{"href":"https:\/\/fdnoaxaca.net\/index.php\/wp-json\/wp\/v2\/posts"}],"about":[{"href":"https:\/\/fdnoaxaca.net\/index.php\/wp-json\/wp\/v2\/types\/post"}],"author":[{"embeddable":true,"href":"https:\/\/fdnoaxaca.net\/index.php\/wp-json\/wp\/v2\/users\/4"}],"replies":[{"embeddable":true,"href":"https:\/\/fdnoaxaca.net\/index.php\/wp-json\/wp\/v2\/comments?post=4939"}],"version-history":[{"count":1,"href":"https:\/\/fdnoaxaca.net\/index.php\/wp-json\/wp\/v2\/posts\/4939\/revisions"}],"predecessor-version":[{"id":4941,"href":"https:\/\/fdnoaxaca.net\/index.php\/wp-json\/wp\/v2\/posts\/4939\/revisions\/4941"}],"wp:featuredmedia":[{"embeddable":true,"href":"https:\/\/fdnoaxaca.net\/index.php\/wp-json\/wp\/v2\/media\/3947"}],"wp:attachment":[{"href":"https:\/\/fdnoaxaca.net\/index.php\/wp-json\/wp\/v2\/media?parent=4939"}],"wp:term":[{"taxonomy":"category","embeddable":true,"href":"https:\/\/fdnoaxaca.net\/index.php\/wp-json\/wp\/v2\/categories?post=4939"},{"taxonomy":"post_tag","embeddable":true,"href":"https:\/\/fdnoaxaca.net\/index.php\/wp-json\/wp\/v2\/tags?post=4939"}],"curies":[{"name":"wp","href":"https:\/\/api.w.org\/{rel}","templated":true}]}}