{"id":4957,"date":"2020-08-25T00:01:28","date_gmt":"2020-08-25T00:01:28","guid":{"rendered":"https:\/\/fdnoaxaca.net\/?p=4957"},"modified":"2020-08-25T00:01:32","modified_gmt":"2020-08-25T00:01:32","slug":"disfrutas-de-las-empanadas-de-quesillo-aprende-a-prepararlas-con-raquel-garzon","status":"publish","type":"post","link":"https:\/\/fdnoaxaca.net\/index.php\/2020\/08\/25\/disfrutas-de-las-empanadas-de-quesillo-aprende-a-prepararlas-con-raquel-garzon\/","title":{"rendered":"\u00bfDisfrutas de las empanadas de quesillo?, aprende a prepararlas con Raquel Garz\u00f3n"},"content":{"rendered":"\n<p>Oaxaca de Ju\u00e1rez, Oax. 24 de agosto de 2020.- \u00bfEres de los que disfrutan la comida de Oaxaca, y m\u00e1s las empanadas de quesillo con masa de ma\u00edz y epazote?.<\/p>\n\n\n\n<p>Aprende a prepararlas con la oaxaque\u00f1a Raquel Garz\u00f3n Hern\u00e1ndez, experta en la gastronom\u00eda de Oaxaca.<\/p>\n\n\n\n<p>Este 25 de agosto a las 14:00 horas dar\u00e1 una clase en vivo de cocina, la cual se transmitir\u00e1 por Facebook desde su perfil: Raquel Garz\u00f3n Hern\u00e1ndez.<\/p>\n\n\n\n<p>&#8220;No se la pueden perder, estar\u00e9 contestando sus preguntas y ense\u00f1\u00e1ndoles paso a paso c\u00f3mo hacer unas empanadas de quesillo con masa de ma\u00edz con epazote&#8221;, invita.<\/p>\n\n\n\n<p>Para ello, cada persona interesada deber\u00e1 de tener los siguientes ingredientes: un kilo de harina de ma\u00edz, una taza de harina de trigo, un litro de aceite vegetal de cocina, una cucharada de sal, tres ramas de epazote, medio kilo de quesillo o queso fresco, una lechuga previamente lavada, desinfectada y picada finamente.<\/p>\n\n\n\n<p>Adem\u00e1s, necesitar\u00e1n los siguientes utensilios de cocina: una tortilladora (prensa para hacer tortilla), un sart\u00e9n (de preferencia de tefl\u00f3n), un escurridor de metal para escurrir aceite, un par de tenazas y un trapo de limpieza. <\/p>\n\n\n\n<p>Y, sobre todo, inter\u00e9s de aprender y disfrutar de la cocina, con la oaxaque\u00f1a Raquel Garz\u00f3n Hern\u00e1ndez.<\/p>\n\n\n\n<p>La cita es en l\u00ednea este martes 25 de agosto a las 14:00 horas por Facebook.<\/p>\n","protected":false},"excerpt":{"rendered":"<p>Oaxaca de Ju\u00e1rez, Oax. 24 de agosto de 2020.- \u00bfEres de los que disfrutan la comida de Oaxaca, y m\u00e1s las empanadas de quesillo con masa de ma\u00edz y epazote?. Aprende a prepararlas con la oaxaque\u00f1a Raquel Garz\u00f3n Hern\u00e1ndez, experta en la gastronom\u00eda de Oaxaca. Este 25 de agosto a las 14:00 horas dar\u00e1 una&#8230;<\/p>\n","protected":false},"author":4,"featured_media":4958,"comment_status":"closed","ping_status":"closed","sticky":false,"template":"","format":"standard","meta":{"footnotes":""},"categories":[4],"tags":[],"class_list":["post-4957","post","type-post","status-publish","format-standard","has-post-thumbnail","hentry","category-general"],"_links":{"self":[{"href":"https:\/\/fdnoaxaca.net\/index.php\/wp-json\/wp\/v2\/posts\/4957","targetHints":{"allow":["GET"]}}],"collection":[{"href":"https:\/\/fdnoaxaca.net\/index.php\/wp-json\/wp\/v2\/posts"}],"about":[{"href":"https:\/\/fdnoaxaca.net\/index.php\/wp-json\/wp\/v2\/types\/post"}],"author":[{"embeddable":true,"href":"https:\/\/fdnoaxaca.net\/index.php\/wp-json\/wp\/v2\/users\/4"}],"replies":[{"embeddable":true,"href":"https:\/\/fdnoaxaca.net\/index.php\/wp-json\/wp\/v2\/comments?post=4957"}],"version-history":[{"count":1,"href":"https:\/\/fdnoaxaca.net\/index.php\/wp-json\/wp\/v2\/posts\/4957\/revisions"}],"predecessor-version":[{"id":4959,"href":"https:\/\/fdnoaxaca.net\/index.php\/wp-json\/wp\/v2\/posts\/4957\/revisions\/4959"}],"wp:featuredmedia":[{"embeddable":true,"href":"https:\/\/fdnoaxaca.net\/index.php\/wp-json\/wp\/v2\/media\/4958"}],"wp:attachment":[{"href":"https:\/\/fdnoaxaca.net\/index.php\/wp-json\/wp\/v2\/media?parent=4957"}],"wp:term":[{"taxonomy":"category","embeddable":true,"href":"https:\/\/fdnoaxaca.net\/index.php\/wp-json\/wp\/v2\/categories?post=4957"},{"taxonomy":"post_tag","embeddable":true,"href":"https:\/\/fdnoaxaca.net\/index.php\/wp-json\/wp\/v2\/tags?post=4957"}],"curies":[{"name":"wp","href":"https:\/\/api.w.org\/{rel}","templated":true}]}}