{"id":4968,"date":"2020-08-25T20:55:29","date_gmt":"2020-08-25T20:55:29","guid":{"rendered":"https:\/\/fdnoaxaca.net\/?p=4968"},"modified":"2020-08-25T20:55:32","modified_gmt":"2020-08-25T20:55:32","slug":"demandan-diputados-de-morena-a-fiscalia-esclarezca-crimen-de-lider-regional-del-fpr","status":"publish","type":"post","link":"https:\/\/fdnoaxaca.net\/index.php\/2020\/08\/25\/demandan-diputados-de-morena-a-fiscalia-esclarezca-crimen-de-lider-regional-del-fpr\/","title":{"rendered":"Demandan diputados de Morena a Fiscal\u00eda esclarezca crimen de l\u00edder regional del FPR"},"content":{"rendered":"\n<p>San Raymundo Jalpan, Oax. 25 de agosto de 2020. Los diputados Elisa Zepeda Lagunas y Horacio Sosa Villavicencio, de Morena, condenaron el asesinato del dirigente regional del Frente Popular Revolucionario (FPR), Tom\u00e1s Mart\u00ednez Pinacho, y exigieron a la Fiscal\u00eda de Oaxaca la aplicaci\u00f3n de justicia. <\/p>\n\n\n\n<p>El Presidente de la Junta de Coordinacio\u0301n Poli\u0301tica (Jucopo) del Congreso local, Horacio Sosa Villavicencio, pidio\u0301 a las autoridades se actu\u0301e conforme a la ley y se castigue a los responsables de este hecho generado.<\/p>\n\n\n\n<p>Ambos legisladores exigieron al Fiscal General del Estado de Oaxaca (FGEO), Rube\u0301n Vasconcelos Me\u0301ndez, realizar las investigaciones necesarias y esclarecer el asesinato de quien fuera l\u00edder del FPR en Miahuatl\u00e1n de Porfirio D\u00edaz.<\/p>\n\n\n\n<p>De igual forma, el diputado Sosa Villavicencio demando\u0301 al gobernador del estado, Alejandro Murat Hinojosa, garantizar el derecho a la seguridad de los ciudadanos en la entidad.<\/p>\n\n\n\n<p>\u201cEs lamentable que el estado vuelva a ser el centro de atencio\u0301n por un acto tan cobarde y que no se tengan las garanti\u0301as necesarias para que cualquier ciudadano pueda gozar de seguridad y tranquilidad\u201d, expreso\u0301.<\/p>\n\n\n\n<p>El asesinato del dirigente regional, Toma\u0301s Marti\u0301nez Pinacho, ocurrio\u0301 la tarde de este lunes en el municipio de \u00c1nimas Trujano, municipio cercano a la ciudad de Oaxaca, localizado a unos metros del cuartel de la Polic\u00eda Preventiva, luego de que la man\u0303ana del lunes encabezara una marcha en la capital oaxaque\u00f1a, en donde se exig\u00eda justicia por la muerte de su compan\u0303ero Miguel A\u0301ngel Brena, quien fue ejecutado en el municipio de Miahuatla\u0301n el 23 de mayo de este an\u0303o.<\/p>\n\n\n\n<p>Por su parte, la legisladora morenista, llam\u00f3 al gobierno de Oaxaca a garantizar la libre manifestaci\u00f3n.<\/p>\n\n\n\n<p>&#8220;Garantizar la libre manifestacio\u0301n de las personas con estricto respeto a sus derechos humanos, asi\u0301 como la seguridad pu\u0301blica en cualquier espacio, para lograr una sociedad con justicia y libre de violencia&#8221;, se\u00f1al\u00f3.<\/p>\n","protected":false},"excerpt":{"rendered":"<p>San Raymundo Jalpan, Oax. 25 de agosto de 2020. Los diputados Elisa Zepeda Lagunas y Horacio Sosa Villavicencio, de Morena, condenaron el asesinato del dirigente regional del Frente Popular Revolucionario (FPR), Tom\u00e1s Mart\u00ednez Pinacho, y exigieron a la Fiscal\u00eda de Oaxaca la aplicaci\u00f3n de justicia. El Presidente de la Junta de Coordinacio\u0301n Poli\u0301tica (Jucopo) del&#8230;<\/p>\n","protected":false},"author":4,"featured_media":4969,"comment_status":"closed","ping_status":"closed","sticky":false,"template":"","format":"standard","meta":{"footnotes":""},"categories":[4],"tags":[],"class_list":["post-4968","post","type-post","status-publish","format-standard","has-post-thumbnail","hentry","category-general"],"_links":{"self":[{"href":"https:\/\/fdnoaxaca.net\/index.php\/wp-json\/wp\/v2\/posts\/4968","targetHints":{"allow":["GET"]}}],"collection":[{"href":"https:\/\/fdnoaxaca.net\/index.php\/wp-json\/wp\/v2\/posts"}],"about":[{"href":"https:\/\/fdnoaxaca.net\/index.php\/wp-json\/wp\/v2\/types\/post"}],"author":[{"embeddable":true,"href":"https:\/\/fdnoaxaca.net\/index.php\/wp-json\/wp\/v2\/users\/4"}],"replies":[{"embeddable":true,"href":"https:\/\/fdnoaxaca.net\/index.php\/wp-json\/wp\/v2\/comments?post=4968"}],"version-history":[{"count":1,"href":"https:\/\/fdnoaxaca.net\/index.php\/wp-json\/wp\/v2\/posts\/4968\/revisions"}],"predecessor-version":[{"id":4970,"href":"https:\/\/fdnoaxaca.net\/index.php\/wp-json\/wp\/v2\/posts\/4968\/revisions\/4970"}],"wp:featuredmedia":[{"embeddable":true,"href":"https:\/\/fdnoaxaca.net\/index.php\/wp-json\/wp\/v2\/media\/4969"}],"wp:attachment":[{"href":"https:\/\/fdnoaxaca.net\/index.php\/wp-json\/wp\/v2\/media?parent=4968"}],"wp:term":[{"taxonomy":"category","embeddable":true,"href":"https:\/\/fdnoaxaca.net\/index.php\/wp-json\/wp\/v2\/categories?post=4968"},{"taxonomy":"post_tag","embeddable":true,"href":"https:\/\/fdnoaxaca.net\/index.php\/wp-json\/wp\/v2\/tags?post=4968"}],"curies":[{"name":"wp","href":"https:\/\/api.w.org\/{rel}","templated":true}]}}