{"id":4980,"date":"2020-08-25T23:11:39","date_gmt":"2020-08-25T23:11:39","guid":{"rendered":"https:\/\/fdnoaxaca.net\/?p=4980"},"modified":"2020-08-25T23:11:42","modified_gmt":"2020-08-25T23:11:42","slug":"reforma-congreso-ley-de-equilibrio-ecologico-para-evitar-devastacion-del-entorno-natural","status":"publish","type":"post","link":"https:\/\/fdnoaxaca.net\/index.php\/2020\/08\/25\/reforma-congreso-ley-de-equilibrio-ecologico-para-evitar-devastacion-del-entorno-natural\/","title":{"rendered":"Reforma Congreso ley de equilibrio ecol\u00f3gico para evitar devastaci\u00f3n del entorno natural"},"content":{"rendered":"\n<p>San Raymundo Jalpan, Oax. 25 de agosto de 2020.- Con una reforma a la ley de equilibrio ecol\u00f3gico y protecci\u00f3n al ambiente del estado de Oaxaca, el Poder Legislativo garantiza la participaci\u00f3n de la sociedad y de las comunidades ind\u00edgenas y afromexicana, en proyectos de infraestructura que afecten los ecosistemas circundantes.<\/p>\n\n\n\n<p>Con la adici\u00f3n del art\u00edculo 14 bis, se incluye en el marco jur\u00eddico que se contemplen las visiones de planeaci\u00f3n que contengan posibilidades ambientales, productivas y socio-econ\u00f3micas. Tambi\u00e9n, que estos proporcionen formas de utilizaci\u00f3n del espacio territorial y sus recursos naturales bajo un enfoque de uso racional y diversificado, siempre con el consenso de los pueblos ind\u00edgenas y la sociedad en su conjunto.<\/p>\n\n\n\n<p>La adecuaci\u00f3n impulsada por la congresista, Migdalia Espinosa Manuel, considera que la falta de una proyecci\u00f3n bien realizada, respecto a la vocaci\u00f3n de la tierra, sumado al crecimiento desmedido y poco ordenado de las manchas urbanas, est\u00e1 originando la extinci\u00f3n de los ecosistemas.<\/p>\n\n\n\n<p>Para dar respuesta a este problema, el Congreso local aval\u00f3 que el gobierno del estado promueva la participaci\u00f3n de los pueblos ind\u00edgenas, ejidos, comunidades, as\u00ed como peque\u00f1os propietarios, como parte de una pol\u00edtica p\u00fablica que procure el consenso y participaci\u00f3n de los ciudadanos sobre trabajos que pueden afectar su entorno ambiental.<\/p>\n\n\n\n<p>De esta forma, los programas de ordenamiento ecol\u00f3gico del territorio, tambi\u00e9n abren la participaci\u00f3n de instituciones acad\u00e9micas y de investigaci\u00f3n que enriquezcan los proyectos para que se integren con criterios como la naturaleza y caracter\u00edsticas de cada ecosistema, as\u00ed como el impacto ambiental que puedan producir nuevas obras, asentamientos humanos, v\u00edas de comunicaci\u00f3n y trabajos complementarios.<\/p>\n","protected":false},"excerpt":{"rendered":"<p>San Raymundo Jalpan, Oax. 25 de agosto de 2020.- Con una reforma a la ley de equilibrio ecol\u00f3gico y protecci\u00f3n al ambiente del estado de Oaxaca, el Poder Legislativo garantiza la participaci\u00f3n de la sociedad y de las comunidades ind\u00edgenas y afromexicana, en proyectos de infraestructura que afecten los ecosistemas circundantes. Con la adici\u00f3n del&#8230;<\/p>\n","protected":false},"author":4,"featured_media":4981,"comment_status":"closed","ping_status":"closed","sticky":false,"template":"","format":"standard","meta":{"footnotes":""},"categories":[4],"tags":[],"class_list":["post-4980","post","type-post","status-publish","format-standard","has-post-thumbnail","hentry","category-general"],"_links":{"self":[{"href":"https:\/\/fdnoaxaca.net\/index.php\/wp-json\/wp\/v2\/posts\/4980","targetHints":{"allow":["GET"]}}],"collection":[{"href":"https:\/\/fdnoaxaca.net\/index.php\/wp-json\/wp\/v2\/posts"}],"about":[{"href":"https:\/\/fdnoaxaca.net\/index.php\/wp-json\/wp\/v2\/types\/post"}],"author":[{"embeddable":true,"href":"https:\/\/fdnoaxaca.net\/index.php\/wp-json\/wp\/v2\/users\/4"}],"replies":[{"embeddable":true,"href":"https:\/\/fdnoaxaca.net\/index.php\/wp-json\/wp\/v2\/comments?post=4980"}],"version-history":[{"count":1,"href":"https:\/\/fdnoaxaca.net\/index.php\/wp-json\/wp\/v2\/posts\/4980\/revisions"}],"predecessor-version":[{"id":4982,"href":"https:\/\/fdnoaxaca.net\/index.php\/wp-json\/wp\/v2\/posts\/4980\/revisions\/4982"}],"wp:featuredmedia":[{"embeddable":true,"href":"https:\/\/fdnoaxaca.net\/index.php\/wp-json\/wp\/v2\/media\/4981"}],"wp:attachment":[{"href":"https:\/\/fdnoaxaca.net\/index.php\/wp-json\/wp\/v2\/media?parent=4980"}],"wp:term":[{"taxonomy":"category","embeddable":true,"href":"https:\/\/fdnoaxaca.net\/index.php\/wp-json\/wp\/v2\/categories?post=4980"},{"taxonomy":"post_tag","embeddable":true,"href":"https:\/\/fdnoaxaca.net\/index.php\/wp-json\/wp\/v2\/tags?post=4980"}],"curies":[{"name":"wp","href":"https:\/\/api.w.org\/{rel}","templated":true}]}}