{"id":4983,"date":"2020-08-26T05:07:46","date_gmt":"2020-08-26T05:07:46","guid":{"rendered":"https:\/\/fdnoaxaca.net\/?p=4983"},"modified":"2020-08-26T05:07:50","modified_gmt":"2020-08-26T05:07:50","slug":"registra-oaxaca-11-muertes-por-covid-19-y-siete-contagios-en-un-dia-valles-centrales-omitio-reporte","status":"publish","type":"post","link":"https:\/\/fdnoaxaca.net\/index.php\/2020\/08\/26\/registra-oaxaca-11-muertes-por-covid-19-y-siete-contagios-en-un-dia-valles-centrales-omitio-reporte\/","title":{"rendered":"Registra Oaxaca 11 muertes por Covid-19 y siete contagios en un d\u00eda; Valles Centrales omiti\u00f3 reporte"},"content":{"rendered":"\n<p>Oaxaca de Ju\u00e1rez, Oax. 25 de agosto de 2020.- Los Servicios de Salud de Oaxaca (SSO) informaron que el martes 25 de agosto, se notificaron siete contagios nuevos de Covid-19 en cinco municipios, esto debido a que la Jurisdicci\u00f3n Sanitaria de Valles Centrales por asuntos administrativos no emiti\u00f3 su reporte diario.<\/p>\n\n\n\n<p>En este sentido, se mantiene un acumulado de 13 mil 090 casos de contagio en todo el estado, de esta cifra 406 se encuentran como activos.<\/p>\n\n\n\n<p>Al dar el informe diario del avance de la pandemia en el territorio oaxaque\u00f1o, la subdirectora de Innovaci\u00f3n y Calidad de la instituci\u00f3n, Rosa Lilia Garc\u00eda Kavanag, report\u00f3 11 fallecimientos m\u00e1s a causa de la patolog\u00eda v\u00edrica, para un total de mil 235 personas que han perdido la vida a causa del nuevo coronavirus.<\/p>\n\n\n\n<p>Respecto de las defunciones, dijo que el grupo de edad m\u00e1s afectado, son los adultos mayores de 65 y m\u00e1s a\u00f1os con 541, seguido de 50 a 59 con 298, y el de 60 a 64 con 174. Por sexo, han muerto hasta el momento 421 mujeres y 814 hombres.<\/p>\n\n\n\n<p>Al corte del este martes se tiene un acumulado de 19 mil 421 pruebas realizadas para el diagn\u00f3stico del padecimiento, cinco mil 641 muestras negativas, 690 personas en espera de resultados por laboratorio y 11 mil 449 se han recuperado de la infecci\u00f3n respiratoria.<\/p>\n\n\n\n<p>De acuerdo con los municipios que presentaron diagn\u00f3sticos nuevos de la enfermedad este d\u00eda, se encuentra: Oaxaca de Ju\u00e1rez, Huajuapan de Le\u00f3n, Santo Domingo Tehuantepec, San Francisco Telixtlahuaca y El Espinal.<\/p>\n\n\n\n<p>Con relaci\u00f3n a las Jurisdicciones Sanitarias, agreg\u00f3 que, Tuxtepec contabiliz\u00f3 un acumulado de mil 592, Istmo mil 352, Mixteca 778, Costa 569 y la Sierra (Norte) 220.<\/p>\n\n\n\n<p>Del n\u00famero acumulado de positivos, 2 mil 911 son pacientes que se han hospitalizado en las unidades m\u00e9dicas del sector y 10 mil 179 cursaron el padecimiento en sus domicilios. Asimismo, este martes la red hospitalaria se encuentra al 41% de ocupaci\u00f3n de camas, de esta cifra el 47.4% corresponde a camas de observaci\u00f3n y el 27.8 con asistencia ventilatoria. <\/p>\n","protected":false},"excerpt":{"rendered":"<p>Oaxaca de Ju\u00e1rez, Oax. 25 de agosto de 2020.- Los Servicios de Salud de Oaxaca (SSO) informaron que el martes 25 de agosto, se notificaron siete contagios nuevos de Covid-19 en cinco municipios, esto debido a que la Jurisdicci\u00f3n Sanitaria de Valles Centrales por asuntos administrativos no emiti\u00f3 su reporte diario. En este sentido, se&#8230;<\/p>\n","protected":false},"author":4,"featured_media":4841,"comment_status":"closed","ping_status":"closed","sticky":false,"template":"","format":"standard","meta":{"footnotes":""},"categories":[49],"tags":[],"class_list":["post-4983","post","type-post","status-publish","format-standard","has-post-thumbnail","hentry","category-titulares"],"_links":{"self":[{"href":"https:\/\/fdnoaxaca.net\/index.php\/wp-json\/wp\/v2\/posts\/4983","targetHints":{"allow":["GET"]}}],"collection":[{"href":"https:\/\/fdnoaxaca.net\/index.php\/wp-json\/wp\/v2\/posts"}],"about":[{"href":"https:\/\/fdnoaxaca.net\/index.php\/wp-json\/wp\/v2\/types\/post"}],"author":[{"embeddable":true,"href":"https:\/\/fdnoaxaca.net\/index.php\/wp-json\/wp\/v2\/users\/4"}],"replies":[{"embeddable":true,"href":"https:\/\/fdnoaxaca.net\/index.php\/wp-json\/wp\/v2\/comments?post=4983"}],"version-history":[{"count":1,"href":"https:\/\/fdnoaxaca.net\/index.php\/wp-json\/wp\/v2\/posts\/4983\/revisions"}],"predecessor-version":[{"id":4984,"href":"https:\/\/fdnoaxaca.net\/index.php\/wp-json\/wp\/v2\/posts\/4983\/revisions\/4984"}],"wp:featuredmedia":[{"embeddable":true,"href":"https:\/\/fdnoaxaca.net\/index.php\/wp-json\/wp\/v2\/media\/4841"}],"wp:attachment":[{"href":"https:\/\/fdnoaxaca.net\/index.php\/wp-json\/wp\/v2\/media?parent=4983"}],"wp:term":[{"taxonomy":"category","embeddable":true,"href":"https:\/\/fdnoaxaca.net\/index.php\/wp-json\/wp\/v2\/categories?post=4983"},{"taxonomy":"post_tag","embeddable":true,"href":"https:\/\/fdnoaxaca.net\/index.php\/wp-json\/wp\/v2\/tags?post=4983"}],"curies":[{"name":"wp","href":"https:\/\/api.w.org\/{rel}","templated":true}]}}