{"id":4999,"date":"2020-08-27T21:20:51","date_gmt":"2020-08-27T21:20:51","guid":{"rendered":"https:\/\/fdnoaxaca.net\/?p=4999"},"modified":"2020-08-27T21:20:55","modified_gmt":"2020-08-27T21:20:55","slug":"vinculan-a-proceso-a-agente-de-la-fiscalia-acusado-de-extorsion","status":"publish","type":"post","link":"https:\/\/fdnoaxaca.net\/index.php\/2020\/08\/27\/vinculan-a-proceso-a-agente-de-la-fiscalia-acusado-de-extorsion\/","title":{"rendered":"Vinculan a proceso a agente de la Fiscal\u00eda, acusado de extorsi\u00f3n"},"content":{"rendered":"\n<p>Oaxaca de Ju\u00e1rez, Oax., 27 de agosto de 2020.- El agente Estatal de Investigaciones, D. M. T., detenido por el delito de extorsi\u00f3n contra una mujer en Oaxaca, fue vinculado a proceso, por lo que qued\u00f3 en prisi\u00f3n preventiva.<\/p>\n\n\n\n<p>La Fiscal\u00eda General del Estado de Oaxaca (FGEO) inform\u00f3 que el Juzgado de Control dict\u00f3 auto de vinculaci\u00f3n a proceso contra el probable responsable del delito de extorsi\u00f3n contra una mujer, cometido en jurisdicci\u00f3n de Ocotl\u00e1n de Morelos, en la regi\u00f3n de Valles Centrales.<\/p>\n\n\n\n<p>El probable responsable fue aprehendido por la Fiscal\u00eda General el 20 de agosto de 2020 y presentado ante la autoridad judicial que lo requiri\u00f3, en cumplimiento a la orden de aprehensi\u00f3n asentada en la causa penal 612\/2020.<\/p>\n\n\n\n<p>Los hechos se suscitaron el 9 de julio del presente a\u00f1o, aproximadamente a las 20:00 horas, cuando el probable responsable arrib\u00f3 -junto con otras personas- al establecimiento comercial propiedad de la v\u00edctima, identific\u00e1ndose como supuesto agente del Ministerio P\u00fablico de Ocotl\u00e1n de Morelos, exigiendo cierta cantidad de dinero para no presentar pruebas por la supuesta venta de drogas en ese establecimiento.<\/p>\n\n\n\n<p>Ante este hecho y tras la denuncia presentada por la v\u00edctima, la Fiscal\u00eda inici\u00f3 la investigaci\u00f3n, donde identific\u00f3 al agente como probable responsable.<\/p>\n\n\n\n<p>En audiencia, el Juez en turno determin\u00f3 vincular a proceso a D. M. T., y le impuso la medida cautelar de prisi\u00f3n preventiva, adem\u00e1s de que otorg\u00f3 un mes para el cierre de investigaci\u00f3n complementaria.<\/p>\n","protected":false},"excerpt":{"rendered":"<p>Oaxaca de Ju\u00e1rez, Oax., 27 de agosto de 2020.- El agente Estatal de Investigaciones, D. M. T., detenido por el delito de extorsi\u00f3n contra una mujer en Oaxaca, fue vinculado a proceso, por lo que qued\u00f3 en prisi\u00f3n preventiva. La Fiscal\u00eda General del Estado de Oaxaca (FGEO) inform\u00f3 que el Juzgado de Control dict\u00f3 auto&#8230;<\/p>\n","protected":false},"author":4,"featured_media":5000,"comment_status":"closed","ping_status":"closed","sticky":false,"template":"","format":"standard","meta":{"footnotes":""},"categories":[49],"tags":[],"class_list":["post-4999","post","type-post","status-publish","format-standard","has-post-thumbnail","hentry","category-titulares"],"_links":{"self":[{"href":"https:\/\/fdnoaxaca.net\/index.php\/wp-json\/wp\/v2\/posts\/4999","targetHints":{"allow":["GET"]}}],"collection":[{"href":"https:\/\/fdnoaxaca.net\/index.php\/wp-json\/wp\/v2\/posts"}],"about":[{"href":"https:\/\/fdnoaxaca.net\/index.php\/wp-json\/wp\/v2\/types\/post"}],"author":[{"embeddable":true,"href":"https:\/\/fdnoaxaca.net\/index.php\/wp-json\/wp\/v2\/users\/4"}],"replies":[{"embeddable":true,"href":"https:\/\/fdnoaxaca.net\/index.php\/wp-json\/wp\/v2\/comments?post=4999"}],"version-history":[{"count":1,"href":"https:\/\/fdnoaxaca.net\/index.php\/wp-json\/wp\/v2\/posts\/4999\/revisions"}],"predecessor-version":[{"id":5001,"href":"https:\/\/fdnoaxaca.net\/index.php\/wp-json\/wp\/v2\/posts\/4999\/revisions\/5001"}],"wp:featuredmedia":[{"embeddable":true,"href":"https:\/\/fdnoaxaca.net\/index.php\/wp-json\/wp\/v2\/media\/5000"}],"wp:attachment":[{"href":"https:\/\/fdnoaxaca.net\/index.php\/wp-json\/wp\/v2\/media?parent=4999"}],"wp:term":[{"taxonomy":"category","embeddable":true,"href":"https:\/\/fdnoaxaca.net\/index.php\/wp-json\/wp\/v2\/categories?post=4999"},{"taxonomy":"post_tag","embeddable":true,"href":"https:\/\/fdnoaxaca.net\/index.php\/wp-json\/wp\/v2\/tags?post=4999"}],"curies":[{"name":"wp","href":"https:\/\/api.w.org\/{rel}","templated":true}]}}