{"id":5002,"date":"2020-08-28T05:31:08","date_gmt":"2020-08-28T05:31:08","guid":{"rendered":"https:\/\/fdnoaxaca.net\/?p=5002"},"modified":"2020-08-28T05:31:12","modified_gmt":"2020-08-28T05:31:12","slug":"diagnostica-sector-salud-95-casos-nuevos-de-covid-19-y-cinco-muertes-mas-en-un-dia","status":"publish","type":"post","link":"https:\/\/fdnoaxaca.net\/index.php\/2020\/08\/28\/diagnostica-sector-salud-95-casos-nuevos-de-covid-19-y-cinco-muertes-mas-en-un-dia\/","title":{"rendered":"Diagnostica sector Salud 95 casos nuevos de Covid-19 y cinco muertes m\u00e1s en un d\u00eda"},"content":{"rendered":"\n<p>Oaxaca de Ju\u00e1rez, Oax. 28 de agosto de 2020.- Con 95 casos positivos y cinco decesos por Covid-19 en las \u00faltimas 24 horas, la incidencia acumulada de la epidemia en el territorio oaxaque\u00f1o ha llegado a los 13 mil 271 pacientes confirmados y mil 251 muertes.<\/p>\n\n\n\n<p>La subdirectora de Innovaci\u00f3n y Calidad de los Servicios de Salud de Oaxaca (SSO), Rosa Lilia Garc\u00eda Kavanagh, inform\u00f3 que al corte de este 27 de agosto la cifra de casos activos suma 400 en las seis Jurisdicciones Sanitarias.<\/p>\n\n\n\n<p>Este jueves se identificaron 29 municipios con contagios nuevos, dentro de los que destacan: Oaxaca de Ju\u00e1rez con la mayor incidencia, al registrar 38; seguido de Tlaxiaco con 13 reportes.<\/p>\n\n\n\n<p>\u201cPor lo que se tiene un total de ocho mil 720 casos acumulados en Valles Centrales, mil 595 en Tuxtepec, mil 361 en el Istmo, 799 en la Mixteca, 574 en la Costa y 222 en la Sierra\u201d, agreg\u00f3.<\/p>\n\n\n\n<p>Desde el inicio de la pandemia 11 mil 620 pacientes se han recuperado de la enfermedad respiratoria. Mientras que, sobre la disponibilidad de camas de hospital, inform\u00f3 que se encuentran ocupadas el 40.2%.<\/p>\n\n\n\n<p>Del total de positivos, de acuerdo al sexo, los hombres persisten como el grupo de la poblaci\u00f3n con el mayor n\u00famero de contagios, con siete mil 255 casos, cifra que representa el 55%; y respecto a la edad, los adultos de 65 a\u00f1os y m\u00e1s concentran el rango m\u00e1s alto de defunciones, con 550 registros.<\/p>\n","protected":false},"excerpt":{"rendered":"<p>Oaxaca de Ju\u00e1rez, Oax. 28 de agosto de 2020.- Con 95 casos positivos y cinco decesos por Covid-19 en las \u00faltimas 24 horas, la incidencia acumulada de la epidemia en el territorio oaxaque\u00f1o ha llegado a los 13 mil 271 pacientes confirmados y mil 251 muertes. La subdirectora de Innovaci\u00f3n y Calidad de los Servicios&#8230;<\/p>\n","protected":false},"author":4,"featured_media":4569,"comment_status":"closed","ping_status":"closed","sticky":false,"template":"","format":"standard","meta":{"footnotes":""},"categories":[49],"tags":[],"class_list":["post-5002","post","type-post","status-publish","format-standard","has-post-thumbnail","hentry","category-titulares"],"_links":{"self":[{"href":"https:\/\/fdnoaxaca.net\/index.php\/wp-json\/wp\/v2\/posts\/5002","targetHints":{"allow":["GET"]}}],"collection":[{"href":"https:\/\/fdnoaxaca.net\/index.php\/wp-json\/wp\/v2\/posts"}],"about":[{"href":"https:\/\/fdnoaxaca.net\/index.php\/wp-json\/wp\/v2\/types\/post"}],"author":[{"embeddable":true,"href":"https:\/\/fdnoaxaca.net\/index.php\/wp-json\/wp\/v2\/users\/4"}],"replies":[{"embeddable":true,"href":"https:\/\/fdnoaxaca.net\/index.php\/wp-json\/wp\/v2\/comments?post=5002"}],"version-history":[{"count":1,"href":"https:\/\/fdnoaxaca.net\/index.php\/wp-json\/wp\/v2\/posts\/5002\/revisions"}],"predecessor-version":[{"id":5003,"href":"https:\/\/fdnoaxaca.net\/index.php\/wp-json\/wp\/v2\/posts\/5002\/revisions\/5003"}],"wp:featuredmedia":[{"embeddable":true,"href":"https:\/\/fdnoaxaca.net\/index.php\/wp-json\/wp\/v2\/media\/4569"}],"wp:attachment":[{"href":"https:\/\/fdnoaxaca.net\/index.php\/wp-json\/wp\/v2\/media?parent=5002"}],"wp:term":[{"taxonomy":"category","embeddable":true,"href":"https:\/\/fdnoaxaca.net\/index.php\/wp-json\/wp\/v2\/categories?post=5002"},{"taxonomy":"post_tag","embeddable":true,"href":"https:\/\/fdnoaxaca.net\/index.php\/wp-json\/wp\/v2\/tags?post=5002"}],"curies":[{"name":"wp","href":"https:\/\/api.w.org\/{rel}","templated":true}]}}