{"id":5004,"date":"2020-08-28T20:03:03","date_gmt":"2020-08-28T20:03:03","guid":{"rendered":"https:\/\/fdnoaxaca.net\/?p=5004"},"modified":"2020-08-28T20:03:07","modified_gmt":"2020-08-28T20:03:07","slug":"solicitan-declaratoria-de-emergencia-para-16-municipios-de-oaxaca-afectados-por-lluvias","status":"publish","type":"post","link":"https:\/\/fdnoaxaca.net\/index.php\/2020\/08\/28\/solicitan-declaratoria-de-emergencia-para-16-municipios-de-oaxaca-afectados-por-lluvias\/","title":{"rendered":"Solicitan declaratoria de emergencia para 16 municipios de Oaxaca afectados por lluvias"},"content":{"rendered":"\n<p>Oaxaca de Ju\u00e1rez, Oax. 28 de agosto de 2020.- Debido a los da\u00f1os por las lluvias en Oaxaca, el gobierno del estado solicit\u00f3 a la federaci\u00f3n la declaratoria de emergencia para 16 municipios.<\/p>\n\n\n\n<p>Derivado de las afectaciones generadas por los remanentes de la zona de baja presi\u00f3n en combinaci\u00f3n con las ondas tropicales n\u00famero 30 y 31, el gobierno de Oaxaca pretende que se declare en emergencia a los municipios de la Costa, el Istmo, la Cuenca del Papaloapan, Sierra Sur y Sierra Norte. <\/p>\n\n\n\n<p>De acuerdo con Protecci\u00f3n Civil, la solicitud es para los municipios de San Gabriel Mixtepec, San Pedro el Alto, Santa Mar\u00eda Temaxcaltepec, Santa Mar\u00eda Huatulco y Santos Reyes Nopala en la Costa; mientras que de la regi\u00f3n Cuenca se solicit\u00f3 para el municipio de San Juan Bautista Valle Nacional. <\/p>\n\n\n\n<p>En el Istmo de Tehuantepec se solicit\u00f3 para San Dionisio del Mar, San Pedro Huamelula, Santiago Niltepec, Santo Domingo Tehuantepec, Santo Domingo Ingenio y Santiago Astata; en la Sierra Sur los municipios de San Juan Ozolotepec, San Miguel Suchixtepec y Santo Domingo Ozolotepec, y de la Sierra Norte, Santa Mar\u00eda Tepantlali. <\/p>\n\n\n\n<p>La dependencia inform\u00f3 que har\u00e1 otra solicitud de declaratoria de emergencia, una vez que se cuente con las evidencias que requiere la Coordinaci\u00f3n Nacional de Protecci\u00f3n Civil (CNCP), para considerarlos en el Fondo de Atenci\u00f3n para las Emergencias (Fonden). <\/p>\n\n\n\n<p>Las lluvias han generado diversas afectaciones y adem\u00e1s la muerte de un poblador. <\/p>\n\n\n\n<p>Se trata de Juan S. S. de 40 a\u00f1os de edad, quien fue arrastrado por la corriente del r\u00edo en San Miguel Chimalapa, en el Istmo de Tehuantepec, el pasado s\u00e1bado y localizado el mi\u00e9rcoles por la tarde. <\/p>\n","protected":false},"excerpt":{"rendered":"<p>Oaxaca de Ju\u00e1rez, Oax. 28 de agosto de 2020.- Debido a los da\u00f1os por las lluvias en Oaxaca, el gobierno del estado solicit\u00f3 a la federaci\u00f3n la declaratoria de emergencia para 16 municipios. Derivado de las afectaciones generadas por los remanentes de la zona de baja presi\u00f3n en combinaci\u00f3n con las ondas tropicales n\u00famero 30&#8230;<\/p>\n","protected":false},"author":4,"featured_media":5005,"comment_status":"closed","ping_status":"closed","sticky":false,"template":"","format":"standard","meta":{"footnotes":""},"categories":[49],"tags":[],"class_list":["post-5004","post","type-post","status-publish","format-standard","has-post-thumbnail","hentry","category-titulares"],"_links":{"self":[{"href":"https:\/\/fdnoaxaca.net\/index.php\/wp-json\/wp\/v2\/posts\/5004","targetHints":{"allow":["GET"]}}],"collection":[{"href":"https:\/\/fdnoaxaca.net\/index.php\/wp-json\/wp\/v2\/posts"}],"about":[{"href":"https:\/\/fdnoaxaca.net\/index.php\/wp-json\/wp\/v2\/types\/post"}],"author":[{"embeddable":true,"href":"https:\/\/fdnoaxaca.net\/index.php\/wp-json\/wp\/v2\/users\/4"}],"replies":[{"embeddable":true,"href":"https:\/\/fdnoaxaca.net\/index.php\/wp-json\/wp\/v2\/comments?post=5004"}],"version-history":[{"count":1,"href":"https:\/\/fdnoaxaca.net\/index.php\/wp-json\/wp\/v2\/posts\/5004\/revisions"}],"predecessor-version":[{"id":5006,"href":"https:\/\/fdnoaxaca.net\/index.php\/wp-json\/wp\/v2\/posts\/5004\/revisions\/5006"}],"wp:featuredmedia":[{"embeddable":true,"href":"https:\/\/fdnoaxaca.net\/index.php\/wp-json\/wp\/v2\/media\/5005"}],"wp:attachment":[{"href":"https:\/\/fdnoaxaca.net\/index.php\/wp-json\/wp\/v2\/media?parent=5004"}],"wp:term":[{"taxonomy":"category","embeddable":true,"href":"https:\/\/fdnoaxaca.net\/index.php\/wp-json\/wp\/v2\/categories?post=5004"},{"taxonomy":"post_tag","embeddable":true,"href":"https:\/\/fdnoaxaca.net\/index.php\/wp-json\/wp\/v2\/tags?post=5004"}],"curies":[{"name":"wp","href":"https:\/\/api.w.org\/{rel}","templated":true}]}}