{"id":5010,"date":"2020-08-29T19:27:30","date_gmt":"2020-08-29T19:27:30","guid":{"rendered":"https:\/\/fdnoaxaca.net\/?p=5010"},"modified":"2020-08-29T19:27:34","modified_gmt":"2020-08-29T19:27:34","slug":"proponen-creacion-de-regiduria-de-asuntos-indigenas-en-municipios-de-oaxaca","status":"publish","type":"post","link":"https:\/\/fdnoaxaca.net\/index.php\/2020\/08\/29\/proponen-creacion-de-regiduria-de-asuntos-indigenas-en-municipios-de-oaxaca\/","title":{"rendered":"Proponen creaci\u00f3n de regidur\u00eda de asuntos ind\u00edgenas en municipios de Oaxaca"},"content":{"rendered":"\n<p>San Raymundo Jalpan, Oax. 29 de agosto&nbsp; de 2020. &#8211; Desde el Congreso de Oaxaca se impulsa una reforma constitucional para garantizar la representaci\u00f3n y participaci\u00f3n de las minor\u00edas \u00e9tnicas en los 570 municipios de la entidad.<\/p>\n\n\n\n<p>Mediante una iniciativa con proyecto de decreto presentada por la diputada local, Delfina Elizabeth Guzm\u00e1n D\u00edaz, por la que se adiciona un noveno p\u00e1rrafo al art\u00edculo 16 de la Constituci\u00f3n Pol\u00edtica del Estado Libre y Soberano de Oaxaca, se pretende dar cumplimiento a este precepto.<\/p>\n\n\n\n<p>La propuesta plantea que los ayuntamientos de municipios no ind\u00edgenas y no afromexicanos que cuenten con una o varias comunidades con estas caracter\u00edsticas, garantizar\u00e1n la creaci\u00f3n de una Regidur\u00eda de Asuntos Ind\u00edgenas y Pueblos y Comunidades Afromexicanas. Adem\u00e1s, atribuye a la Secretar\u00eda de Pueblos Ind\u00edgenas y Afromexicano la facultad de dar cumplimiento a esta disposici\u00f3n.<\/p>\n\n\n\n<p>De esta forma se dotar\u00eda de representatividad a aquellas comunidades que se encuentran en las municipalidades, adem\u00e1s de su participaci\u00f3n en la toma de decisiones para cumplir con tareas complejas y fundamentales en una democracia representativa.<\/p>\n\n\n\n<p>Lo anterior surge por la preocupaci\u00f3n de que el Estado no \u00fanicamente reconozca los Derechos Humanos de los pueblos y comunidades, sino que se garantice la participaci\u00f3n como nuevos actores en el plano pol\u00edtico, para que dichas minor\u00edas se encuentren en el concierto de voces y de votos que definan las esferas municipales y su destino.<br><\/p>\n","protected":false},"excerpt":{"rendered":"<p>San Raymundo Jalpan, Oax. 29 de agosto&nbsp; de 2020. &#8211; Desde el Congreso de Oaxaca se impulsa una reforma constitucional para garantizar la representaci\u00f3n y participaci\u00f3n de las minor\u00edas \u00e9tnicas en los 570 municipios de la entidad. Mediante una iniciativa con proyecto de decreto presentada por la diputada local, Delfina Elizabeth Guzm\u00e1n D\u00edaz, por la&#8230;<\/p>\n","protected":false},"author":4,"featured_media":5011,"comment_status":"closed","ping_status":"closed","sticky":false,"template":"","format":"standard","meta":{"footnotes":""},"categories":[4],"tags":[],"class_list":["post-5010","post","type-post","status-publish","format-standard","has-post-thumbnail","hentry","category-general"],"_links":{"self":[{"href":"https:\/\/fdnoaxaca.net\/index.php\/wp-json\/wp\/v2\/posts\/5010","targetHints":{"allow":["GET"]}}],"collection":[{"href":"https:\/\/fdnoaxaca.net\/index.php\/wp-json\/wp\/v2\/posts"}],"about":[{"href":"https:\/\/fdnoaxaca.net\/index.php\/wp-json\/wp\/v2\/types\/post"}],"author":[{"embeddable":true,"href":"https:\/\/fdnoaxaca.net\/index.php\/wp-json\/wp\/v2\/users\/4"}],"replies":[{"embeddable":true,"href":"https:\/\/fdnoaxaca.net\/index.php\/wp-json\/wp\/v2\/comments?post=5010"}],"version-history":[{"count":1,"href":"https:\/\/fdnoaxaca.net\/index.php\/wp-json\/wp\/v2\/posts\/5010\/revisions"}],"predecessor-version":[{"id":5012,"href":"https:\/\/fdnoaxaca.net\/index.php\/wp-json\/wp\/v2\/posts\/5010\/revisions\/5012"}],"wp:featuredmedia":[{"embeddable":true,"href":"https:\/\/fdnoaxaca.net\/index.php\/wp-json\/wp\/v2\/media\/5011"}],"wp:attachment":[{"href":"https:\/\/fdnoaxaca.net\/index.php\/wp-json\/wp\/v2\/media?parent=5010"}],"wp:term":[{"taxonomy":"category","embeddable":true,"href":"https:\/\/fdnoaxaca.net\/index.php\/wp-json\/wp\/v2\/categories?post=5010"},{"taxonomy":"post_tag","embeddable":true,"href":"https:\/\/fdnoaxaca.net\/index.php\/wp-json\/wp\/v2\/tags?post=5010"}],"curies":[{"name":"wp","href":"https:\/\/api.w.org\/{rel}","templated":true}]}}