{"id":5015,"date":"2020-08-31T04:24:10","date_gmt":"2020-08-31T04:24:10","guid":{"rendered":"https:\/\/fdnoaxaca.net\/?p=5015"},"modified":"2020-08-31T04:24:13","modified_gmt":"2020-08-31T04:24:13","slug":"cancelan-desfile-civico-militar-conmemoracion-de-grito-de-independencia-sera-a-puerta-cerrada-en-oaxaca","status":"publish","type":"post","link":"https:\/\/fdnoaxaca.net\/index.php\/2020\/08\/31\/cancelan-desfile-civico-militar-conmemoracion-de-grito-de-independencia-sera-a-puerta-cerrada-en-oaxaca\/","title":{"rendered":"Cancelan desfile c\u00edvico militar; conmemoraci\u00f3n de Grito de Independencia ser\u00e1 a puerta cerrada en Oaxaca"},"content":{"rendered":"\n<p>Oaxaca de Ju\u00e1rez, Oax. 30 de agosto de 2020.- Debido a la pandemia del Covid-19, en Oaxaca la ceremonia de conmemoraci\u00f3n del Grito de Independencia ser\u00e1 a puerta cerrada, mientras el desfile c\u00edvico militar no se realizar\u00e1 este a\u00f1o.<\/p>\n\n\n\n<p>Este domingo el gobernador Alejandro Murat Hinojosa anunci\u00f3 la publicaci\u00f3n de un decreto, mediante el cual se modifica -debido a la contingencia sanitaria- el protocolo de celebraci\u00f3n de las fiestas patrias.<\/p>\n\n\n\n<p>Por ello, la ceremonia del Grito de Independencia se llevar\u00e1 a cabo a puerta cerrada, mientras que el desfile c\u00edvico militar ser\u00e1 cancelado, lo anterior en consenso con la Secretar\u00eda de la Defensa Nacional (Sedena), a fin de evitar la concentraci\u00f3n de personas.<\/p>\n\n\n\n<p>Acatando la autonom\u00eda de cada municipio, Murat Hinojosa exhort\u00f3 a las autoridades y habitantes de todos los ayuntamientos del estado a no realizar las festividades en cada una de sus demarcaciones, ya que es fundamental privilegiar la vida y salud de la poblaci\u00f3n.<\/p>\n\n\n\n<p>Durante su mensaje, el mandatario estatal tambi\u00e9n agradeci\u00f3 el esfuerzo en conjunto que sociedad y gobierno han realizado a trav\u00e9s de campa\u00f1as como el reto 40 d\u00edas por Oaxaca, que promueve el uso constante y correcto del cubrebocas en espacios p\u00fablicos y al interactuar con otras personas por un periodo de -por lo menos- cuarenta d\u00edas. <\/p>\n\n\n\n<p>Oaxaca inicia este lunes en color amarillo del sem\u00e1foro epidemiol\u00f3gico de Covid-19.<\/p>\n","protected":false},"excerpt":{"rendered":"<p>Oaxaca de Ju\u00e1rez, Oax. 30 de agosto de 2020.- Debido a la pandemia del Covid-19, en Oaxaca la ceremonia de conmemoraci\u00f3n del Grito de Independencia ser\u00e1 a puerta cerrada, mientras el desfile c\u00edvico militar no se realizar\u00e1 este a\u00f1o. Este domingo el gobernador Alejandro Murat Hinojosa anunci\u00f3 la publicaci\u00f3n de un decreto, mediante el cual&#8230;<\/p>\n","protected":false},"author":4,"featured_media":5016,"comment_status":"closed","ping_status":"closed","sticky":false,"template":"","format":"standard","meta":{"footnotes":""},"categories":[49],"tags":[],"class_list":["post-5015","post","type-post","status-publish","format-standard","has-post-thumbnail","hentry","category-titulares"],"_links":{"self":[{"href":"https:\/\/fdnoaxaca.net\/index.php\/wp-json\/wp\/v2\/posts\/5015","targetHints":{"allow":["GET"]}}],"collection":[{"href":"https:\/\/fdnoaxaca.net\/index.php\/wp-json\/wp\/v2\/posts"}],"about":[{"href":"https:\/\/fdnoaxaca.net\/index.php\/wp-json\/wp\/v2\/types\/post"}],"author":[{"embeddable":true,"href":"https:\/\/fdnoaxaca.net\/index.php\/wp-json\/wp\/v2\/users\/4"}],"replies":[{"embeddable":true,"href":"https:\/\/fdnoaxaca.net\/index.php\/wp-json\/wp\/v2\/comments?post=5015"}],"version-history":[{"count":1,"href":"https:\/\/fdnoaxaca.net\/index.php\/wp-json\/wp\/v2\/posts\/5015\/revisions"}],"predecessor-version":[{"id":5017,"href":"https:\/\/fdnoaxaca.net\/index.php\/wp-json\/wp\/v2\/posts\/5015\/revisions\/5017"}],"wp:featuredmedia":[{"embeddable":true,"href":"https:\/\/fdnoaxaca.net\/index.php\/wp-json\/wp\/v2\/media\/5016"}],"wp:attachment":[{"href":"https:\/\/fdnoaxaca.net\/index.php\/wp-json\/wp\/v2\/media?parent=5015"}],"wp:term":[{"taxonomy":"category","embeddable":true,"href":"https:\/\/fdnoaxaca.net\/index.php\/wp-json\/wp\/v2\/categories?post=5015"},{"taxonomy":"post_tag","embeddable":true,"href":"https:\/\/fdnoaxaca.net\/index.php\/wp-json\/wp\/v2\/tags?post=5015"}],"curies":[{"name":"wp","href":"https:\/\/api.w.org\/{rel}","templated":true}]}}