{"id":5052,"date":"2020-09-05T21:58:14","date_gmt":"2020-09-05T21:58:14","guid":{"rendered":"https:\/\/fdnoaxaca.net\/?p=5052"},"modified":"2020-09-05T21:58:17","modified_gmt":"2020-09-05T21:58:17","slug":"preven-lluvias-en-oaxaca-por-la-tormenta-julio","status":"publish","type":"post","link":"https:\/\/fdnoaxaca.net\/index.php\/2020\/09\/05\/preven-lluvias-en-oaxaca-por-la-tormenta-julio\/","title":{"rendered":"Prev\u00e9n lluvias en Oaxaca por la tormenta Julio"},"content":{"rendered":"\n<p>Oaxaca de Ju\u00e1rez, Oax. 5 de septiembre de 2020.- A las 16:00 horas, tiempo del centro de M\u00e9xico, se form\u00f3 la tormenta tropical Julio, a partir de los remanentes de Nana, al sur de las costas de Guerrero. <\/p>\n\n\n\n<p>Su centro se localiz\u00f3 aproximadamente a 215 kil\u00f3metros (km) al sur-suroeste de Zihuatanejo, en Guerrero, tiene vientos m\u00e1ximos sostenidos de 65 kil\u00f3metros por hora (km\/h), rachas de 85 km\/h y desplazamiento hacia el oeste-noroeste a 31 km\/h, inform\u00f3 el Servicio Meteorol\u00f3gico Nacional.<\/p>\n\n\n\n<p>Se prev\u00e9 que su circulaci\u00f3n origine, durante las pr\u00f3ximas horas, lluvias de muy fuertes a intensas (de 75 a 150 mil\u00edmetros) en Guerrero, Michoac\u00e1n y Oaxaca, as\u00ed como rachas de viento de 60 a 70 km\/h y oleaje de uno a dos metros de altura en las costas de Oaxaca y Guerrero.<\/p>\n\n\n\n<p>Los modelos de pron\u00f3stico indican que su desplazamiento ser\u00eda paralelo a las costas del Pac\u00edfico mexicano.<\/p>\n\n\n\n<p>En los \u00faltimos d\u00edas, las lluvias han generado inundaciones y desplazamientos de tierra, por lo que se recomienda a la poblaci\u00f3n y a la navegaci\u00f3n mar\u00edtima, mantenerse atentos a los avisos del Servicio Meteorol\u00f3gico Nacional (SMN) y seguir las indicaciones de las autoridades municipales, estatales y de Protecci\u00f3n Civil.<\/p>\n","protected":false},"excerpt":{"rendered":"<p>Oaxaca de Ju\u00e1rez, Oax. 5 de septiembre de 2020.- A las 16:00 horas, tiempo del centro de M\u00e9xico, se form\u00f3 la tormenta tropical Julio, a partir de los remanentes de Nana, al sur de las costas de Guerrero. Su centro se localiz\u00f3 aproximadamente a 215 kil\u00f3metros (km) al sur-suroeste de Zihuatanejo, en Guerrero, tiene vientos&#8230;<\/p>\n","protected":false},"author":4,"featured_media":5053,"comment_status":"closed","ping_status":"closed","sticky":false,"template":"","format":"standard","meta":{"footnotes":""},"categories":[4],"tags":[],"class_list":["post-5052","post","type-post","status-publish","format-standard","has-post-thumbnail","hentry","category-general"],"_links":{"self":[{"href":"https:\/\/fdnoaxaca.net\/index.php\/wp-json\/wp\/v2\/posts\/5052","targetHints":{"allow":["GET"]}}],"collection":[{"href":"https:\/\/fdnoaxaca.net\/index.php\/wp-json\/wp\/v2\/posts"}],"about":[{"href":"https:\/\/fdnoaxaca.net\/index.php\/wp-json\/wp\/v2\/types\/post"}],"author":[{"embeddable":true,"href":"https:\/\/fdnoaxaca.net\/index.php\/wp-json\/wp\/v2\/users\/4"}],"replies":[{"embeddable":true,"href":"https:\/\/fdnoaxaca.net\/index.php\/wp-json\/wp\/v2\/comments?post=5052"}],"version-history":[{"count":1,"href":"https:\/\/fdnoaxaca.net\/index.php\/wp-json\/wp\/v2\/posts\/5052\/revisions"}],"predecessor-version":[{"id":5054,"href":"https:\/\/fdnoaxaca.net\/index.php\/wp-json\/wp\/v2\/posts\/5052\/revisions\/5054"}],"wp:featuredmedia":[{"embeddable":true,"href":"https:\/\/fdnoaxaca.net\/index.php\/wp-json\/wp\/v2\/media\/5053"}],"wp:attachment":[{"href":"https:\/\/fdnoaxaca.net\/index.php\/wp-json\/wp\/v2\/media?parent=5052"}],"wp:term":[{"taxonomy":"category","embeddable":true,"href":"https:\/\/fdnoaxaca.net\/index.php\/wp-json\/wp\/v2\/categories?post=5052"},{"taxonomy":"post_tag","embeddable":true,"href":"https:\/\/fdnoaxaca.net\/index.php\/wp-json\/wp\/v2\/tags?post=5052"}],"curies":[{"name":"wp","href":"https:\/\/api.w.org\/{rel}","templated":true}]}}