{"id":5115,"date":"2020-09-11T05:51:02","date_gmt":"2020-09-11T05:51:02","guid":{"rendered":"https:\/\/fdnoaxaca.net\/?p=5115"},"modified":"2020-09-11T05:51:06","modified_gmt":"2020-09-11T05:51:06","slug":"confirma-sala-xalapa-violencia-politica-contra-regidora-de-tlacolula","status":"publish","type":"post","link":"https:\/\/fdnoaxaca.net\/index.php\/2020\/09\/11\/confirma-sala-xalapa-violencia-politica-contra-regidora-de-tlacolula\/","title":{"rendered":"Confirma Sala Xalapa violencia pol\u00edtica contra regidora de Tlacolula"},"content":{"rendered":"\n<p>Xalapa, Veracruz. 11 de septiembre de 2020.- La Sala Regional Xalapa del Tribunal Electoral del Poder Judicial de la Federaci\u00f3n (TEPJF) confirm\u00f3 la existencia de actos de violencia pol\u00edtica en raz\u00f3n de g\u00e9nero contra la regidora de Turismo y Cultura del municipio de Tlacolula, Oaxaca, efectuados por parte del presidente municipal.<\/p>\n\n\n\n<p>En sesi\u00f3n p\u00fablica no presencial de resoluci\u00f3n, celebrada por videoconferencia, el Pleno de la Sala confirm\u00f3 la sentencia del Tribunal Electoral del Estado de Oaxaca (TEEO) que acredit\u00f3 la existencia de actos de violencia pol\u00edtica en raz\u00f3n de g\u00e9nero efectuados por el presidente municipal en contra de la regidora de Turismo y Cultura de Tlacolula, y en consecuencia, declar\u00f3 la p\u00e9rdida de la presunci\u00f3n de contar con un modo honesto de vivir del mun\u00edcipe en menci\u00f3n.<\/p>\n\n\n\n<p>Lo anterior, ya que, contrario a lo alegado por el demandante, el hecho de que las conductas que se le atribuyeron \u2013constitutivas de violencia pol\u00edtica en raz\u00f3n de g\u00e9nero\u2013 tambi\u00e9n se dirigieran a regidores del sexo masculino no implic\u00f3 la inexistencia del elemento de g\u00e9nero para sancionar, toda vez que las mismas tuvieron un impacto diferenciado en contra de la mencionada regidora por su condici\u00f3n de ser mujer.<\/p>\n\n\n\n<p>Finalmente, el Pleno concluy\u00f3 que fue correcta la imposici\u00f3n de la sanci\u00f3n consistente en la p\u00e9rdida de la presunci\u00f3n de tener un modo honesto de vivir por un periodo determinado, al no exceder las atribuciones del TEEO.<\/p>\n\n\n\n<p>Por otra parte, la Sala Regional Xalapa confirm\u00f3 la sentencia del TEEO que, a su vez, confirm\u00f3 el acuerdo 419\/2019 del Consejo General del Instituto Estatal Electoral y de Participaci\u00f3n Ciudadana de Oaxaca (IEEPCO), que calific\u00f3 como jur\u00eddicamente v\u00e1lida la elecci\u00f3n ordinaria de concejales del municipio de San Mart\u00edn Toxpalan. <\/p>\n\n\n\n<p>La Sala Superior revoc\u00f3 la resoluci\u00f3n de la Sala Regional con el fin de que, juzgando con perspectiva de g\u00e9nero intercultural, analizara la existencia de los actos de violencia pol\u00edtica en raz\u00f3n de g\u00e9nero que le fueron planteados.<\/p>\n\n\n\n<p>Ante ello, los magistrados de la Sala Regional, atendiendo a lo ordenado, determinaron que, no obstante que se presentaran actos de violencia pol\u00edtica en raz\u00f3n de g\u00e9nero, estos no fueron de la gravedad suficiente para declarar la invalidez de la elecci\u00f3n, al no verse afectado el sistema normativo que rige en la comunidad o que se violentara el voto ciudadano.<\/p>\n","protected":false},"excerpt":{"rendered":"<p>Xalapa, Veracruz. 11 de septiembre de 2020.- La Sala Regional Xalapa del Tribunal Electoral del Poder Judicial de la Federaci\u00f3n (TEPJF) confirm\u00f3 la existencia de actos de violencia pol\u00edtica en raz\u00f3n de g\u00e9nero contra la regidora de Turismo y Cultura del municipio de Tlacolula, Oaxaca, efectuados por parte del presidente municipal. En sesi\u00f3n p\u00fablica no&#8230;<\/p>\n","protected":false},"author":4,"featured_media":5116,"comment_status":"closed","ping_status":"closed","sticky":false,"template":"","format":"standard","meta":{"footnotes":""},"categories":[49],"tags":[],"class_list":["post-5115","post","type-post","status-publish","format-standard","has-post-thumbnail","hentry","category-titulares"],"_links":{"self":[{"href":"https:\/\/fdnoaxaca.net\/index.php\/wp-json\/wp\/v2\/posts\/5115","targetHints":{"allow":["GET"]}}],"collection":[{"href":"https:\/\/fdnoaxaca.net\/index.php\/wp-json\/wp\/v2\/posts"}],"about":[{"href":"https:\/\/fdnoaxaca.net\/index.php\/wp-json\/wp\/v2\/types\/post"}],"author":[{"embeddable":true,"href":"https:\/\/fdnoaxaca.net\/index.php\/wp-json\/wp\/v2\/users\/4"}],"replies":[{"embeddable":true,"href":"https:\/\/fdnoaxaca.net\/index.php\/wp-json\/wp\/v2\/comments?post=5115"}],"version-history":[{"count":1,"href":"https:\/\/fdnoaxaca.net\/index.php\/wp-json\/wp\/v2\/posts\/5115\/revisions"}],"predecessor-version":[{"id":5117,"href":"https:\/\/fdnoaxaca.net\/index.php\/wp-json\/wp\/v2\/posts\/5115\/revisions\/5117"}],"wp:featuredmedia":[{"embeddable":true,"href":"https:\/\/fdnoaxaca.net\/index.php\/wp-json\/wp\/v2\/media\/5116"}],"wp:attachment":[{"href":"https:\/\/fdnoaxaca.net\/index.php\/wp-json\/wp\/v2\/media?parent=5115"}],"wp:term":[{"taxonomy":"category","embeddable":true,"href":"https:\/\/fdnoaxaca.net\/index.php\/wp-json\/wp\/v2\/categories?post=5115"},{"taxonomy":"post_tag","embeddable":true,"href":"https:\/\/fdnoaxaca.net\/index.php\/wp-json\/wp\/v2\/tags?post=5115"}],"curies":[{"name":"wp","href":"https:\/\/api.w.org\/{rel}","templated":true}]}}