{"id":5118,"date":"2020-09-11T17:10:42","date_gmt":"2020-09-11T17:10:42","guid":{"rendered":"https:\/\/fdnoaxaca.net\/?p=5118"},"modified":"2020-09-11T17:10:44","modified_gmt":"2020-09-11T17:10:44","slug":"invita-ayuntamiento-de-oaxaca-a-iniciar-tramite-de-cartilla-del-servicio-militar","status":"publish","type":"post","link":"https:\/\/fdnoaxaca.net\/index.php\/2020\/09\/11\/invita-ayuntamiento-de-oaxaca-a-iniciar-tramite-de-cartilla-del-servicio-militar\/","title":{"rendered":"Invita Ayuntamiento de Oaxaca a iniciar tr\u00e1mite de cartilla del Servicio Militar"},"content":{"rendered":"\n<p><strong><em>Oaxaca de Ju\u00e1rez, Oaxaca, a 11 de septiembre de 2020.-&nbsp;<\/em><\/strong>Como parte de las actividades para estimular el cumplimiento de los deberes c\u00edvicos entre la ciudadan\u00eda, el Ayuntamiento de Oaxaca de Ju\u00e1rez, a trav\u00e9s de la Junta Local de Reclutamiento del Servicio Militar Nacional (SMN) de la Secretar\u00eda del Ayuntamiento, invita a la juventud capitalina nacida en el a\u00f1o 2002 y remisos a tramitar la cartilla del Servicio Militar Nacional.<\/p>\n\n\n\n<p>El titular de la Secretar\u00eda del Ayuntamiento, Constantino Ram\u00edrez Arag\u00f3n, destac\u00f3 la importancia de realizar este tr\u00e1mite ya que es un deber c\u00edvico de las y los mexicanos que fortalece los valores morales, el respeto por los s\u00edmbolos patrios y mantiene el sentimiento de unidad nacional. Explic\u00f3, adem\u00e1s, que este documento es un requisito importante para el mercado laboral y constituye una obligaci\u00f3n para los mexicanos mayores de 18 a\u00f1os.&nbsp;<\/p>\n\n\n\n<p>\u201cPor instrucci\u00f3n del Presidente Municipal, Oswaldo Garc\u00eda Jarqu\u00edn, tenemos el compromiso de incentivar la participaci\u00f3n de la juventud para cumplir un deber constitucional y c\u00edvico y los j\u00f3venes conscriptos puedan adquirir los conocimientos b\u00e1sicos sobre la doctrina militar vigente, la cual coadyuvar\u00e1 al desarrollo de las habilidades, valores y virtudes de las y los j\u00f3venes y que les permitan ser mejores ciudadanos\u201d, asever\u00f3 el servidor p\u00fablico municipal.<\/p>\n\n\n\n<p>Por su parte, el subdirector de Reglamentos y Normatividad, Rolando Feria Aranda, inform\u00f3 que los interesados en tramitar la pre cartilla del Servicio Militar Nacional, podr\u00e1n hacerlo en la Oficina de Reclutamiento, ubicada en la Plazuela Vicente Guerrero n\u00famero 105, en el Barrio del Ex Marquesado, los d\u00edas lunes y martes de cada semana hasta el 16 de octubre, en un horario de atenci\u00f3n de 10:00 a 14:00 horas.<\/p>\n\n\n\n<p>Especific\u00f3 que los requisitos son presentar acta de nacimiento original reciente, cuatro fotograf\u00edas para cartilla (no instant\u00e1neas), constancia de estudios reciente, comprobante de domicilio, CURP ampliado a tama\u00f1o carta y llevar un bol\u00edgrafo de tinta negra. Agreg\u00f3 que, para los remisos y clase que no sean originarios del municipio de Oaxaca de Ju\u00e1rez, deber\u00e1n contar con una constancia de la autoridad municipal de su lugar de origen donde especifique que no se le ha expedido la cartilla en dicha comunidad.<\/p>\n\n\n\n<p>Adicionalmente, Feria Aranda enfatiz\u00f3 que, ante la contingencia sanitaria por COVID-19 y para salvaguardar la salud de las y los trabajadores del Ayuntamiento capitalino as\u00ed como de la poblaci\u00f3n que acuda a realizar este tr\u00e1mite, los j\u00f3venes interesados deber\u00e1n portar en todo momento cubrebocas, careta o googles, mantener el distanciamiento social de por lo menos 1.5 metros y evitar ir acompa\u00f1ados, ya que el tr\u00e1mite es personal.<\/p>\n\n\n\n<p>\u201cSe les extiende la atenta invitaci\u00f3n a las y los j\u00f3venes nacidos en el 2002 o bien, remisos, para que se acerquen a la Junta de Reclutamiento del Ayuntamiento de Oaxaca de Ju\u00e1rez y realicen sus tr\u00e1mites de 10:00 a las 14:00 horas; vamos a estar recibiendo la documentaci\u00f3n solamente los d\u00edas lunes y martes por motivo de la pandemia, cuid\u00e1ndonos, guardando la sana distancia, pido que porten cubrebocas para cuidarnos entre todas y todos\u201d, concluy\u00f3 el funcionario p\u00fablico.<\/p>\n","protected":false},"excerpt":{"rendered":"<p>Oaxaca de Ju\u00e1rez, Oaxaca, a 11 de septiembre de 2020.-&nbsp;Como parte de las actividades para estimular el cumplimiento de los deberes c\u00edvicos entre la ciudadan\u00eda, el Ayuntamiento de Oaxaca de Ju\u00e1rez, a trav\u00e9s de la Junta Local de Reclutamiento del Servicio Militar Nacional (SMN) de la Secretar\u00eda del Ayuntamiento, invita a la juventud capitalina nacida&#8230;<\/p>\n","protected":false},"author":4,"featured_media":5119,"comment_status":"closed","ping_status":"closed","sticky":false,"template":"","format":"standard","meta":{"footnotes":""},"categories":[49],"tags":[],"class_list":["post-5118","post","type-post","status-publish","format-standard","has-post-thumbnail","hentry","category-titulares"],"_links":{"self":[{"href":"https:\/\/fdnoaxaca.net\/index.php\/wp-json\/wp\/v2\/posts\/5118","targetHints":{"allow":["GET"]}}],"collection":[{"href":"https:\/\/fdnoaxaca.net\/index.php\/wp-json\/wp\/v2\/posts"}],"about":[{"href":"https:\/\/fdnoaxaca.net\/index.php\/wp-json\/wp\/v2\/types\/post"}],"author":[{"embeddable":true,"href":"https:\/\/fdnoaxaca.net\/index.php\/wp-json\/wp\/v2\/users\/4"}],"replies":[{"embeddable":true,"href":"https:\/\/fdnoaxaca.net\/index.php\/wp-json\/wp\/v2\/comments?post=5118"}],"version-history":[{"count":1,"href":"https:\/\/fdnoaxaca.net\/index.php\/wp-json\/wp\/v2\/posts\/5118\/revisions"}],"predecessor-version":[{"id":5120,"href":"https:\/\/fdnoaxaca.net\/index.php\/wp-json\/wp\/v2\/posts\/5118\/revisions\/5120"}],"wp:featuredmedia":[{"embeddable":true,"href":"https:\/\/fdnoaxaca.net\/index.php\/wp-json\/wp\/v2\/media\/5119"}],"wp:attachment":[{"href":"https:\/\/fdnoaxaca.net\/index.php\/wp-json\/wp\/v2\/media?parent=5118"}],"wp:term":[{"taxonomy":"category","embeddable":true,"href":"https:\/\/fdnoaxaca.net\/index.php\/wp-json\/wp\/v2\/categories?post=5118"},{"taxonomy":"post_tag","embeddable":true,"href":"https:\/\/fdnoaxaca.net\/index.php\/wp-json\/wp\/v2\/tags?post=5118"}],"curies":[{"name":"wp","href":"https:\/\/api.w.org\/{rel}","templated":true}]}}