{"id":5162,"date":"2020-09-15T21:36:57","date_gmt":"2020-09-15T21:36:57","guid":{"rendered":"https:\/\/fdnoaxaca.net\/?p=5162"},"modified":"2020-09-15T21:37:00","modified_gmt":"2020-09-15T21:37:00","slug":"conmemoracion-de-grito-de-independencia-sera-sin-publico-gobierno-llama-a-quedarse-en-casa","status":"publish","type":"post","link":"https:\/\/fdnoaxaca.net\/index.php\/2020\/09\/15\/conmemoracion-de-grito-de-independencia-sera-sin-publico-gobierno-llama-a-quedarse-en-casa\/","title":{"rendered":"Conmemoraci\u00f3n de Grito de Independencia ser\u00e1 sin p\u00fablico; gobierno llama a quedarse en casa"},"content":{"rendered":"\n<p>Oaxaca de Ju\u00e1rez, Oax. 15 de septiembre de 2020.- Debido a la emergencia sanitaria por el Covid-19, el gobierno de Oaxaca realizar\u00e1 a puerta cerrada la conmemoraci\u00f3n del Grito de Independencia.<\/p>\n\n\n\n<p>El acto protocolario -a cargo del gobernador Alejandro Murat Hinojosa- con motivo del 210 aniversario del inicio de la Independencia de M\u00e9xico, ser\u00e1 sin presencia de p\u00fablico y se transmitir\u00e1 a trav\u00e9s la se\u00f1al de la Corporaci\u00f3n Oaxaque\u00f1a de Radio y Televisi\u00f3n (Cortv).<\/p>\n\n\n\n<p>A partir de las 21:00 horas, las personas podr\u00e1n presenciar desde sus hogares la tradicional noche mexicana y el Grito de Independencia que realizar\u00e1 Murat Hinojosa en compa\u00f1\u00eda de los representantes de los poderes Judicial y Legislativo, inform\u00f3 el gobierno de Oaxaca.<\/p>\n\n\n\n<p>Con motivo de las fiestas patrias, se transmitir\u00e1 una programaci\u00f3n especial que incluir\u00e1 la participaci\u00f3n de cantantes como Leonel Garc\u00eda, Edith M\u00e1rquez y Lila Downs, entre otros, as\u00ed como contenidos audiovisuales sobre Oaxaca y M\u00e9xico.<\/p>\n\n\n\n<p>El gobierno del estado invita a la ciudadan\u00eda en general a quedarse en casa durante estos d\u00edas festivos y respetar las medidas de prevenci\u00f3n e higiene para evitar el aumento de contagios por Covid-19.<\/p>\n","protected":false},"excerpt":{"rendered":"<p>Oaxaca de Ju\u00e1rez, Oax. 15 de septiembre de 2020.- Debido a la emergencia sanitaria por el Covid-19, el gobierno de Oaxaca realizar\u00e1 a puerta cerrada la conmemoraci\u00f3n del Grito de Independencia. El acto protocolario -a cargo del gobernador Alejandro Murat Hinojosa- con motivo del 210 aniversario del inicio de la Independencia de M\u00e9xico, ser\u00e1 sin&#8230;<\/p>\n","protected":false},"author":4,"featured_media":5163,"comment_status":"closed","ping_status":"closed","sticky":false,"template":"","format":"standard","meta":{"footnotes":""},"categories":[49],"tags":[],"class_list":["post-5162","post","type-post","status-publish","format-standard","has-post-thumbnail","hentry","category-titulares"],"_links":{"self":[{"href":"https:\/\/fdnoaxaca.net\/index.php\/wp-json\/wp\/v2\/posts\/5162","targetHints":{"allow":["GET"]}}],"collection":[{"href":"https:\/\/fdnoaxaca.net\/index.php\/wp-json\/wp\/v2\/posts"}],"about":[{"href":"https:\/\/fdnoaxaca.net\/index.php\/wp-json\/wp\/v2\/types\/post"}],"author":[{"embeddable":true,"href":"https:\/\/fdnoaxaca.net\/index.php\/wp-json\/wp\/v2\/users\/4"}],"replies":[{"embeddable":true,"href":"https:\/\/fdnoaxaca.net\/index.php\/wp-json\/wp\/v2\/comments?post=5162"}],"version-history":[{"count":1,"href":"https:\/\/fdnoaxaca.net\/index.php\/wp-json\/wp\/v2\/posts\/5162\/revisions"}],"predecessor-version":[{"id":5164,"href":"https:\/\/fdnoaxaca.net\/index.php\/wp-json\/wp\/v2\/posts\/5162\/revisions\/5164"}],"wp:featuredmedia":[{"embeddable":true,"href":"https:\/\/fdnoaxaca.net\/index.php\/wp-json\/wp\/v2\/media\/5163"}],"wp:attachment":[{"href":"https:\/\/fdnoaxaca.net\/index.php\/wp-json\/wp\/v2\/media?parent=5162"}],"wp:term":[{"taxonomy":"category","embeddable":true,"href":"https:\/\/fdnoaxaca.net\/index.php\/wp-json\/wp\/v2\/categories?post=5162"},{"taxonomy":"post_tag","embeddable":true,"href":"https:\/\/fdnoaxaca.net\/index.php\/wp-json\/wp\/v2\/tags?post=5162"}],"curies":[{"name":"wp","href":"https:\/\/api.w.org\/{rel}","templated":true}]}}