{"id":5181,"date":"2020-09-16T06:27:59","date_gmt":"2020-09-16T06:27:59","guid":{"rendered":"https:\/\/fdnoaxaca.net\/?p=5181"},"modified":"2020-09-16T06:28:02","modified_gmt":"2020-09-16T06:28:02","slug":"sin-publico-murat-hinojosa-conmemora-grito-de-independencia","status":"publish","type":"post","link":"https:\/\/fdnoaxaca.net\/index.php\/2020\/09\/16\/sin-publico-murat-hinojosa-conmemora-grito-de-independencia\/","title":{"rendered":"Sin p\u00fablico, Murat Hinojosa conmemora Grito de Independencia"},"content":{"rendered":"\n<p>Oaxaca de Ju\u00e1rez, Oax. 16 de septiembre de 2020.- Sin p\u00fablico debido a la pandemia del Covid-19, el gobernador Alejandro Murat Hinojosa realiz\u00f3 desde el Palco Oficial del Palacio de Gobierno, el tradicional grito para conmemorar el 210 aniversario del Inicio de la Independencia de M\u00e9xico. <\/p>\n\n\n\n<p>Este acto, al que solo asistieron representantes de los poderes Judicial y Legislativo, as\u00ed como integrantes del gabinete legal y ampliado del gobierno de Oaxaca, se transmiti\u00f3 a trav\u00e9s de la Corporaci\u00f3n Oaxaque\u00f1a de Radio y Televisi\u00f3n (Cortv), con la finalidad de evitar la aglomeraci\u00f3n de personas en el z\u00f3calo capitalino, para reducir el contagio del coronavirus.<\/p>\n\n\n\n<p>El gobernador rememor\u00f3 el movimiento insurgente que tuvo lugar la madrugada del 16 de septiembre de 1810, cuando el cura Miguel Hidalgo y Costilla llam\u00f3 al pueblo mexicano a defender su libertad y soberan\u00eda del yugo virreinal.<\/p>\n\n\n\n<p>\u201c\u00a1Oaxaque\u00f1as y oaxaque\u00f1os, vivan los h\u00e9roes que nos dieron patria y libertad!\u201d, exclam\u00f3 Murat Hinojosa, al tiempo de nombrar a los pr\u00f3ceres de la Independencia de M\u00e9xico.<\/p>\n\n\n\n<p>En este acto, el gobernador de Oaxaca tambi\u00e9n reconoci\u00f3 a las mujeres y hombres que conforman el personal m\u00e9dico y que se encuentran en primera l\u00ednea atendiendo la contingencia sanitaria.<\/p>\n\n\n\n<p>Luego de tocar la campana y hondear la bandera, la Se\u00f1orita Am\u00e9rica 2019, representada por Ariadna Donaj\u00ed Ca\u00f1ada S\u00e1nchez y el tenor Israel Rivera ca\u00f1as, interpretaron el himno nacional mexicano.<\/p>\n\n\n\n<p>Durante el evento c\u00edvico, la banda de m\u00fasica de la VIII Regi\u00f3n Militar interpret\u00f3 un mosaico oaxaque\u00f1o y el \u201cDios Nunca Muere\u201d del compositor Macedonio Alcal\u00e1, en memoria de los oaxaque\u00f1os fallecidos por el Covid-19.<\/p>\n","protected":false},"excerpt":{"rendered":"<p>Oaxaca de Ju\u00e1rez, Oax. 16 de septiembre de 2020.- Sin p\u00fablico debido a la pandemia del Covid-19, el gobernador Alejandro Murat Hinojosa realiz\u00f3 desde el Palco Oficial del Palacio de Gobierno, el tradicional grito para conmemorar el 210 aniversario del Inicio de la Independencia de M\u00e9xico. Este acto, al que solo asistieron representantes de los&#8230;<\/p>\n","protected":false},"author":4,"featured_media":5182,"comment_status":"closed","ping_status":"closed","sticky":false,"template":"","format":"standard","meta":{"footnotes":""},"categories":[49],"tags":[],"class_list":["post-5181","post","type-post","status-publish","format-standard","has-post-thumbnail","hentry","category-titulares"],"_links":{"self":[{"href":"https:\/\/fdnoaxaca.net\/index.php\/wp-json\/wp\/v2\/posts\/5181","targetHints":{"allow":["GET"]}}],"collection":[{"href":"https:\/\/fdnoaxaca.net\/index.php\/wp-json\/wp\/v2\/posts"}],"about":[{"href":"https:\/\/fdnoaxaca.net\/index.php\/wp-json\/wp\/v2\/types\/post"}],"author":[{"embeddable":true,"href":"https:\/\/fdnoaxaca.net\/index.php\/wp-json\/wp\/v2\/users\/4"}],"replies":[{"embeddable":true,"href":"https:\/\/fdnoaxaca.net\/index.php\/wp-json\/wp\/v2\/comments?post=5181"}],"version-history":[{"count":1,"href":"https:\/\/fdnoaxaca.net\/index.php\/wp-json\/wp\/v2\/posts\/5181\/revisions"}],"predecessor-version":[{"id":5183,"href":"https:\/\/fdnoaxaca.net\/index.php\/wp-json\/wp\/v2\/posts\/5181\/revisions\/5183"}],"wp:featuredmedia":[{"embeddable":true,"href":"https:\/\/fdnoaxaca.net\/index.php\/wp-json\/wp\/v2\/media\/5182"}],"wp:attachment":[{"href":"https:\/\/fdnoaxaca.net\/index.php\/wp-json\/wp\/v2\/media?parent=5181"}],"wp:term":[{"taxonomy":"category","embeddable":true,"href":"https:\/\/fdnoaxaca.net\/index.php\/wp-json\/wp\/v2\/categories?post=5181"},{"taxonomy":"post_tag","embeddable":true,"href":"https:\/\/fdnoaxaca.net\/index.php\/wp-json\/wp\/v2\/tags?post=5181"}],"curies":[{"name":"wp","href":"https:\/\/api.w.org\/{rel}","templated":true}]}}