{"id":5243,"date":"2020-09-22T14:58:35","date_gmt":"2020-09-22T14:58:35","guid":{"rendered":"https:\/\/fdnoaxaca.net\/?p=5243"},"modified":"2020-09-22T14:58:38","modified_gmt":"2020-09-22T14:58:38","slug":"pide-congreso-dar-prioridad-a-salud-y-economia-en-el-paquete-fiscal-2021","status":"publish","type":"post","link":"https:\/\/fdnoaxaca.net\/index.php\/2020\/09\/22\/pide-congreso-dar-prioridad-a-salud-y-economia-en-el-paquete-fiscal-2021\/","title":{"rendered":"Pide Congreso dar prioridad a salud y econom\u00eda en el Paquete Fiscal 2021"},"content":{"rendered":"\n<p>San Raymundo Jalpan, Oax. 21 de septiembre de 2020.- El Poder Legislativo solicit\u00f3 al titular del Ejecutivo estatal, a priorizar en la propuesta del Paquete Fiscal para el a\u00f1o 2021, los rubros de econom\u00eda y salud, con el objetivo de atender los efectos derivados de la pandemia por la Covid-19.<\/p>\n\n\n\n<p>Mediante un punto de acuerdo, la Diputaci\u00f3n oaxaque\u00f1a pidi\u00f3 al gobernador del estado, Alejandro Murat Hinojosa, instruir al titular de la Secretar\u00eda de Finanzas, Vicente Mendoza T\u00e9llez Gir\u00f3n, para que al presentar la propuesta de objetivos en materia de ingresos y egresos del pr\u00f3ximo a\u00f1o, \u00e9sta contenga informaci\u00f3n pormenorizada sobre las estrategias y los proyectos a seguir en materia econ\u00f3mica y de salud.<\/p>\n\n\n\n<p>El exhorto promovido por la diputada, Mar\u00eda de Jes\u00fas Mendoza S\u00e1nchez,  detalla que la situaci\u00f3n actual en la entidad requiere de establecer sinergias a fin de poder hacer frente a la situaci\u00f3n provocada por la emergencia sanitaria de manera organizada y planificada.<\/p>\n\n\n\n<p>Por esto, piden al gobierno del estado imponer la necesidad de ampliar y fortalecer las medidas emergentes de respuesta, a partir de los programas prioritarios, mejorar su capacidad operativa y considerar medidas adicionales de atenci\u00f3n a quienes pierdan su fuente de ingreso y a sectores urbanos que est\u00e1n m\u00e1s expuestos. <\/p>\n\n\n\n<p>El documento jur\u00eddico resalta que durante este 2020, M\u00e9xico enfrenta esta crisis en condiciones de vulnerabilidad, la precariedad laboral; m\u00faltiples brechas de acceso a derechos sociales como la salud, alimentaci\u00f3n, vivienda y seguridad social que impiden la adopci\u00f3n generalizada de medidas preventivas.<\/p>\n","protected":false},"excerpt":{"rendered":"<p>San Raymundo Jalpan, Oax. 21 de septiembre de 2020.- El Poder Legislativo solicit\u00f3 al titular del Ejecutivo estatal, a priorizar en la propuesta del Paquete Fiscal para el a\u00f1o 2021, los rubros de econom\u00eda y salud, con el objetivo de atender los efectos derivados de la pandemia por la Covid-19. Mediante un punto de acuerdo,&#8230;<\/p>\n","protected":false},"author":4,"featured_media":5244,"comment_status":"closed","ping_status":"closed","sticky":false,"template":"","format":"standard","meta":{"footnotes":""},"categories":[4],"tags":[],"class_list":["post-5243","post","type-post","status-publish","format-standard","has-post-thumbnail","hentry","category-general"],"_links":{"self":[{"href":"https:\/\/fdnoaxaca.net\/index.php\/wp-json\/wp\/v2\/posts\/5243","targetHints":{"allow":["GET"]}}],"collection":[{"href":"https:\/\/fdnoaxaca.net\/index.php\/wp-json\/wp\/v2\/posts"}],"about":[{"href":"https:\/\/fdnoaxaca.net\/index.php\/wp-json\/wp\/v2\/types\/post"}],"author":[{"embeddable":true,"href":"https:\/\/fdnoaxaca.net\/index.php\/wp-json\/wp\/v2\/users\/4"}],"replies":[{"embeddable":true,"href":"https:\/\/fdnoaxaca.net\/index.php\/wp-json\/wp\/v2\/comments?post=5243"}],"version-history":[{"count":1,"href":"https:\/\/fdnoaxaca.net\/index.php\/wp-json\/wp\/v2\/posts\/5243\/revisions"}],"predecessor-version":[{"id":5245,"href":"https:\/\/fdnoaxaca.net\/index.php\/wp-json\/wp\/v2\/posts\/5243\/revisions\/5245"}],"wp:featuredmedia":[{"embeddable":true,"href":"https:\/\/fdnoaxaca.net\/index.php\/wp-json\/wp\/v2\/media\/5244"}],"wp:attachment":[{"href":"https:\/\/fdnoaxaca.net\/index.php\/wp-json\/wp\/v2\/media?parent=5243"}],"wp:term":[{"taxonomy":"category","embeddable":true,"href":"https:\/\/fdnoaxaca.net\/index.php\/wp-json\/wp\/v2\/categories?post=5243"},{"taxonomy":"post_tag","embeddable":true,"href":"https:\/\/fdnoaxaca.net\/index.php\/wp-json\/wp\/v2\/tags?post=5243"}],"curies":[{"name":"wp","href":"https:\/\/api.w.org\/{rel}","templated":true}]}}