{"id":5249,"date":"2020-09-23T00:33:54","date_gmt":"2020-09-23T00:33:54","guid":{"rendered":"https:\/\/fdnoaxaca.net\/?p=5249"},"modified":"2020-09-23T00:33:57","modified_gmt":"2020-09-23T00:33:57","slug":"comenzara-en-diciembre-proceso-electoral-en-oaxaca-para-las-elecciones-de-2021","status":"publish","type":"post","link":"https:\/\/fdnoaxaca.net\/index.php\/2020\/09\/23\/comenzara-en-diciembre-proceso-electoral-en-oaxaca-para-las-elecciones-de-2021\/","title":{"rendered":"Comenzar\u00e1 en diciembre proceso electoral en Oaxaca para las elecciones de 2021"},"content":{"rendered":"\n<p>Oaxaca de Ju\u00e1rez, Oax. 22 de septiembre de 2020.- Oaxaca renovar\u00e1 a sus presidentes municipales y diputados locales en 2021, al igual que se elegir\u00e1n a los legisladores federales.<\/p>\n\n\n\n<p>Para el estado, el proceso electoral local 2020-2021, comenzar\u00e1 la primera semana de diciembre de este a\u00f1o, debido a la emergencia sanitaria por el Covid-19, inform\u00f3 el Instituto Estatal Electoral y de Participaci\u00f3n Ciudadana de Oaxaca (IEEPCO).<\/p>\n\n\n\n<p>A partir de esa fecha comenzar\u00e1n las actividades para que el domingo 6 de junio de 2021, oaxaque\u00f1os participen en las votaciones local y federal.<\/p>\n\n\n\n<p>En la elecci\u00f3n concurrente, se elegir\u00e1n a las autoridades locales de 153 municipios regidos por el sistema de partidos pol\u00edticos en Oaxaca y 42 diputados locales; 25 por mayor\u00eda relativa y 17 por representaci\u00f3n proporcional.<\/p>\n\n\n\n<p>Asimismo, en la elecci\u00f3n federal, se elegir\u00e1n a 500 diputados; 300 de ellos por mayor\u00eda relativa y 200 por representaci\u00f3n proporcional.<\/p>\n\n\n\n<p>En Oaxaca, el proceso electoral, de acuerdo con la Ley de Instituciones y Procedimientos Electorales del Estado de Oaxaca, inicia la primera semana de septiembre del a\u00f1o previo a la jornada electoral.<\/p>\n\n\n\n<p>Sin embargo, debido a la emergencia sanitaria derivada de la pandemia del Covid-19, el Congreso de Oaxaca aplaz\u00f3 el proceso electoral para que su inicio sea en la primera semana de diciembre de 2020.<\/p>\n","protected":false},"excerpt":{"rendered":"<p>Oaxaca de Ju\u00e1rez, Oax. 22 de septiembre de 2020.- Oaxaca renovar\u00e1 a sus presidentes municipales y diputados locales en 2021, al igual que se elegir\u00e1n a los legisladores federales. Para el estado, el proceso electoral local 2020-2021, comenzar\u00e1 la primera semana de diciembre de este a\u00f1o, debido a la emergencia sanitaria por el Covid-19, inform\u00f3&#8230;<\/p>\n","protected":false},"author":4,"featured_media":5250,"comment_status":"closed","ping_status":"closed","sticky":false,"template":"","format":"standard","meta":{"footnotes":""},"categories":[49],"tags":[],"class_list":["post-5249","post","type-post","status-publish","format-standard","has-post-thumbnail","hentry","category-titulares"],"_links":{"self":[{"href":"https:\/\/fdnoaxaca.net\/index.php\/wp-json\/wp\/v2\/posts\/5249","targetHints":{"allow":["GET"]}}],"collection":[{"href":"https:\/\/fdnoaxaca.net\/index.php\/wp-json\/wp\/v2\/posts"}],"about":[{"href":"https:\/\/fdnoaxaca.net\/index.php\/wp-json\/wp\/v2\/types\/post"}],"author":[{"embeddable":true,"href":"https:\/\/fdnoaxaca.net\/index.php\/wp-json\/wp\/v2\/users\/4"}],"replies":[{"embeddable":true,"href":"https:\/\/fdnoaxaca.net\/index.php\/wp-json\/wp\/v2\/comments?post=5249"}],"version-history":[{"count":1,"href":"https:\/\/fdnoaxaca.net\/index.php\/wp-json\/wp\/v2\/posts\/5249\/revisions"}],"predecessor-version":[{"id":5251,"href":"https:\/\/fdnoaxaca.net\/index.php\/wp-json\/wp\/v2\/posts\/5249\/revisions\/5251"}],"wp:featuredmedia":[{"embeddable":true,"href":"https:\/\/fdnoaxaca.net\/index.php\/wp-json\/wp\/v2\/media\/5250"}],"wp:attachment":[{"href":"https:\/\/fdnoaxaca.net\/index.php\/wp-json\/wp\/v2\/media?parent=5249"}],"wp:term":[{"taxonomy":"category","embeddable":true,"href":"https:\/\/fdnoaxaca.net\/index.php\/wp-json\/wp\/v2\/categories?post=5249"},{"taxonomy":"post_tag","embeddable":true,"href":"https:\/\/fdnoaxaca.net\/index.php\/wp-json\/wp\/v2\/tags?post=5249"}],"curies":[{"name":"wp","href":"https:\/\/api.w.org\/{rel}","templated":true}]}}