{"id":5287,"date":"2020-09-26T00:57:48","date_gmt":"2020-09-26T00:57:48","guid":{"rendered":"https:\/\/fdnoaxaca.net\/?p=5287"},"modified":"2020-09-26T00:57:52","modified_gmt":"2020-09-26T00:57:52","slug":"eligen-a-nuevas-representantes-del-consejo-del-instituto-municipal-de-la-mujer","status":"publish","type":"post","link":"https:\/\/fdnoaxaca.net\/index.php\/2020\/09\/26\/eligen-a-nuevas-representantes-del-consejo-del-instituto-municipal-de-la-mujer\/","title":{"rendered":"Eligen a nuevas representantes del Consejo del Instituto Municipal de la Mujer"},"content":{"rendered":"\n<p>Oaxaca de Ju\u00e1rez, Oaxaca, a 25 de septiembre de 2020.- La Junta de Gobierno del Instituto Municipal de la Mujer de la ciudad de Oaxaca aprob\u00f3 por unanimidad el dictamen para el nombramiento de las ciudadanas que formar\u00e1n parte del Consejo Municipal para la Prevenci\u00f3n, Atenci\u00f3n, Sanci\u00f3n y Erradicaci\u00f3n de la Violencia de G\u00e9nero contra las Mujeres.<\/p>\n\n\n\n<p>Luego de que el anterior grupo de integrantes renunciara despu\u00e9s de la destituci\u00f3n de la titular del Instituto Municipal de la Mujer, Jaqueline Escamilla, el Consejo fue renovado.<\/p>\n\n\n\n<p>Las nuevas integrantes para contribuir con el Instituto Municipal de la Mujer son Gloria Zafra, Mar\u00eda Teresa Feria Aranda, Mar\u00eda Eugenia Mata Garc\u00eda, Margarita Isela Carballido Canseco y Sylvia Leonor Bustamante Arreola.<\/p>\n\n\n\n<p>\u201cQuiero decirles a las mujeres que ahora integran el Consejo Municipal para la Prevenci\u00f3n, Atenci\u00f3n, Sanci\u00f3n y Erradicaci\u00f3n de la Violencia en contra de las Mujeres, que son un importante referente de liderazgo femenino, son grandes defensoras de los derechos humanos y de la igualdad entre mujeres y hombres\u201d, declar\u00f3 el presidente municipal Oswaldo Garc\u00eda Jarqu\u00edn, durante la reuni\u00f3n virtual.<\/p>\n\n\n\n<p>Detall\u00f3 que con la integraci\u00f3n de cinco mujeres emanadas de la sociedad civil se reforzar\u00e1 a este \u00f3rgano municipal y ser\u00e1 un soporte fundamental para que el Instituto Municipal de la Mujer promueva la igualdad social en aras del desarrollo social, pol\u00edtico, econ\u00f3mico y cultural con un enfoque de g\u00e9nero y que se pondere el respeto de los derechos fundamentales de las mujeres de la ciudad capital.<\/p>\n\n\n\n<p>Gloria Zafra, es maestra en Sociolog\u00eda con Atenci\u00f3n al Desarrollo Regional, cuenta con estudios de G\u00e9nero, Pol\u00edtica y Movimientos Sociales, y se ha desempe\u00f1ado como profesora investigadora de la UABJO y docente en la Universidad de San Diego California, Estados Unidos. Mar\u00eda Teresa Feria Aranda cuenta con dos maestr\u00edas internacionales en Prevenci\u00f3n de la Violencia de G\u00e9nero, se ha desempe\u00f1ado como directora del Centro Promotor de la Igualdad A.C. y como docente en diversas instituciones educativas de nivel superior.<\/p>\n\n\n\n<p>Mar\u00eda Eugenia Mata Garc\u00eda es licenciada en Teolog\u00eda por el Instituto Teol\u00f3gico de Estudios Superiores de la Universidad Cat\u00f3lica de Do R\u00edo Grande Do Sul, Brasil, as\u00ed como promotora en el Instituto Oaxaque\u00f1o de Promoci\u00f3n Educativa Fundamental y ha participado en distintos proyectos institucionales en enfoque de derechos de las mujeres y derechos de los pueblos ind\u00edgenas.<\/p>\n\n\n\n<p>Margarita Isela Carballido Canseco es licenciada en Derecho y Ciencias Sociales,  con un diplomado en Gobierno Local, Seguridad y Justicia; ha impartido diversas conferencias relacionadas al tema. Sylvia Leonor Bustamante Arreola cuenta con dos licenciaturas en Ense\u00f1anza de Lenguas Extranjeras y Administraci\u00f3n de Empresas Tur\u00edsticas, as\u00ed como diversos diplomas en multiculturalidad, g\u00e9nero, derechos humanos, pol\u00edticas p\u00fablicas y liderazgo y colaborado como secretaria t\u00e9cnica del Consejo Ciudadano de la Defensor\u00eda de los Derechos Humanos del Pueblo de Oaxaca.<\/p>\n\n\n\n<p>\u201cAdmiramos y respetamos profundamente su trabajo propositivo e innovador, quiero invitarlas a que, con el liderazgo de la directora Graciela Calvo Navarrete, no bajar los brazos, no retroceder y trabajar en unidad con el ayuntamiento de Oaxaca de Ju\u00e1rez para seguir derribando los prejuicios, erradicar la violencia y garantizar los derechos de todas las mujeres de este municipio\u201d, asegur\u00f3 el mun\u00edcipe.<\/p>\n\n\n\n<p>Al respecto, la directora del Instituto Municipal de la Mujer, Graciela Calvo Navarrete,  destac\u00f3 que las nuevas consejeras \u201cson profesionistas de alto perfil, con experiencia y alto conocimiento en la tem\u00e1tica de la violencia de g\u00e9nero y mujeres reconocidas en distintos \u00e1mbitos tanto acad\u00e9micos como sociales, es por ello que sus perfiles son id\u00f3neos para formar parte del Consejo, ya que con sus aportaciones contribuir\u00e1n a enriquecer el objetivo del municipio y del propio instituto en la erradicaci\u00f3n de la violencia en contra de las mujeres\u201d, subray\u00f3.<\/p>\n\n\n\n<p>Esta sesi\u00f3n ordinaria de la Junta de Gobierno del Instituto Municipal de la Mujer tuvo la participaci\u00f3n de la directora de Desarrollo Humano, Sally Mart\u00ednez Rasgado; del director del DIF Municipal, Sim\u00f3n Pablo Sandoval Rubio; y el subdirector de Control Sanitario, Marco Antonio Jim\u00e9nez Bola\u00f1os.<\/p>\n","protected":false},"excerpt":{"rendered":"<p>Oaxaca de Ju\u00e1rez, Oaxaca, a 25 de septiembre de 2020.- La Junta de Gobierno del Instituto Municipal de la Mujer de la ciudad de Oaxaca aprob\u00f3 por unanimidad el dictamen para el nombramiento de las ciudadanas que formar\u00e1n parte del Consejo Municipal para la Prevenci\u00f3n, Atenci\u00f3n, Sanci\u00f3n y Erradicaci\u00f3n de la Violencia de G\u00e9nero contra&#8230;<\/p>\n","protected":false},"author":4,"featured_media":5288,"comment_status":"closed","ping_status":"closed","sticky":false,"template":"","format":"standard","meta":{"footnotes":""},"categories":[4],"tags":[],"class_list":["post-5287","post","type-post","status-publish","format-standard","has-post-thumbnail","hentry","category-general"],"_links":{"self":[{"href":"https:\/\/fdnoaxaca.net\/index.php\/wp-json\/wp\/v2\/posts\/5287","targetHints":{"allow":["GET"]}}],"collection":[{"href":"https:\/\/fdnoaxaca.net\/index.php\/wp-json\/wp\/v2\/posts"}],"about":[{"href":"https:\/\/fdnoaxaca.net\/index.php\/wp-json\/wp\/v2\/types\/post"}],"author":[{"embeddable":true,"href":"https:\/\/fdnoaxaca.net\/index.php\/wp-json\/wp\/v2\/users\/4"}],"replies":[{"embeddable":true,"href":"https:\/\/fdnoaxaca.net\/index.php\/wp-json\/wp\/v2\/comments?post=5287"}],"version-history":[{"count":1,"href":"https:\/\/fdnoaxaca.net\/index.php\/wp-json\/wp\/v2\/posts\/5287\/revisions"}],"predecessor-version":[{"id":5289,"href":"https:\/\/fdnoaxaca.net\/index.php\/wp-json\/wp\/v2\/posts\/5287\/revisions\/5289"}],"wp:featuredmedia":[{"embeddable":true,"href":"https:\/\/fdnoaxaca.net\/index.php\/wp-json\/wp\/v2\/media\/5288"}],"wp:attachment":[{"href":"https:\/\/fdnoaxaca.net\/index.php\/wp-json\/wp\/v2\/media?parent=5287"}],"wp:term":[{"taxonomy":"category","embeddable":true,"href":"https:\/\/fdnoaxaca.net\/index.php\/wp-json\/wp\/v2\/categories?post=5287"},{"taxonomy":"post_tag","embeddable":true,"href":"https:\/\/fdnoaxaca.net\/index.php\/wp-json\/wp\/v2\/tags?post=5287"}],"curies":[{"name":"wp","href":"https:\/\/api.w.org\/{rel}","templated":true}]}}