{"id":5290,"date":"2020-09-26T02:00:17","date_gmt":"2020-09-26T02:00:17","guid":{"rendered":"https:\/\/fdnoaxaca.net\/?p=5290"},"modified":"2020-09-26T02:00:21","modified_gmt":"2020-09-26T02:00:21","slug":"oaxaca-regresa-a-semaforo-amarillo","status":"publish","type":"post","link":"https:\/\/fdnoaxaca.net\/index.php\/2020\/09\/26\/oaxaca-regresa-a-semaforo-amarillo\/","title":{"rendered":"Oaxaca regresa a sem\u00e1foro amarillo"},"content":{"rendered":"\n<p>Oaxaca de Ju\u00e1rez, Oax. 25 de septiembre de 2020.- A partir del lunes 28 de septiembre, Oaxaca regresa a amarillo en el sem\u00e1foro epidemiol\u00f3gico por Covid-19.<\/p>\n\n\n\n<p>En la conferencia de este viernes en Palacio Nacional, la Secretar\u00eda de Salud federal anunci\u00f3 el cambio de color en el sem\u00e1foro para Oaxaca. <\/p>\n\n\n\n<p>Pese a que desde hace una semana, el estado supera los 100 contagios diarios, la medida cambi\u00f3 de naranja a amarillo.<\/p>\n\n\n\n<p>El 14 de septiembre Oaxaca dej\u00f3 el sem\u00e1foro amarillo para regresar al naranja, y dos semanas despu\u00e9s, la entidad retorna nuevamente a un &#8220;riesgo medio&#8221;.<\/p>\n\n\n\n<p>A nivel nacional, ser\u00e1n 16 estados, incluyendo Oaxaca, quienes estar\u00e1n en amarillo, mientras otros 15 en naranja y \u00fanicamente Campeche ser\u00e1 la primera entidad que est\u00e9 en verde en el sem\u00e1foro de riesgo epidemiol\u00f3gico.<\/p>\n\n\n\n<p>La Secretar\u00eda de Salud inform\u00f3 que a\u00fan no hay riesgo cero, sino que disminuy\u00f3 lo suficiente para que las actividades sociales, y econ\u00f3micas regresen casi en su totalidad en Campeche.<\/p>\n\n\n\n<p>En lo que respecta a Oaxaca, en las \u00faltimas 24 horas se confirmaron 184 nuevos casos de Covid-19 y seis muertes m\u00e1s.<\/p>\n\n\n\n<p>Al corte de este 25 de septiembre, el estado suma 16 mil 341 casos de contagio, de los cuales mil 426 pacientes han fallecido y 14 mil 211 se han recuperado.<\/p>\n","protected":false},"excerpt":{"rendered":"<p>Oaxaca de Ju\u00e1rez, Oax. 25 de septiembre de 2020.- A partir del lunes 28 de septiembre, Oaxaca regresa a amarillo en el sem\u00e1foro epidemiol\u00f3gico por Covid-19. En la conferencia de este viernes en Palacio Nacional, la Secretar\u00eda de Salud federal anunci\u00f3 el cambio de color en el sem\u00e1foro para Oaxaca. Pese a que desde hace&#8230;<\/p>\n","protected":false},"author":4,"featured_media":5291,"comment_status":"closed","ping_status":"closed","sticky":false,"template":"","format":"standard","meta":{"footnotes":""},"categories":[49],"tags":[],"class_list":["post-5290","post","type-post","status-publish","format-standard","has-post-thumbnail","hentry","category-titulares"],"_links":{"self":[{"href":"https:\/\/fdnoaxaca.net\/index.php\/wp-json\/wp\/v2\/posts\/5290","targetHints":{"allow":["GET"]}}],"collection":[{"href":"https:\/\/fdnoaxaca.net\/index.php\/wp-json\/wp\/v2\/posts"}],"about":[{"href":"https:\/\/fdnoaxaca.net\/index.php\/wp-json\/wp\/v2\/types\/post"}],"author":[{"embeddable":true,"href":"https:\/\/fdnoaxaca.net\/index.php\/wp-json\/wp\/v2\/users\/4"}],"replies":[{"embeddable":true,"href":"https:\/\/fdnoaxaca.net\/index.php\/wp-json\/wp\/v2\/comments?post=5290"}],"version-history":[{"count":1,"href":"https:\/\/fdnoaxaca.net\/index.php\/wp-json\/wp\/v2\/posts\/5290\/revisions"}],"predecessor-version":[{"id":5292,"href":"https:\/\/fdnoaxaca.net\/index.php\/wp-json\/wp\/v2\/posts\/5290\/revisions\/5292"}],"wp:featuredmedia":[{"embeddable":true,"href":"https:\/\/fdnoaxaca.net\/index.php\/wp-json\/wp\/v2\/media\/5291"}],"wp:attachment":[{"href":"https:\/\/fdnoaxaca.net\/index.php\/wp-json\/wp\/v2\/media?parent=5290"}],"wp:term":[{"taxonomy":"category","embeddable":true,"href":"https:\/\/fdnoaxaca.net\/index.php\/wp-json\/wp\/v2\/categories?post=5290"},{"taxonomy":"post_tag","embeddable":true,"href":"https:\/\/fdnoaxaca.net\/index.php\/wp-json\/wp\/v2\/tags?post=5290"}],"curies":[{"name":"wp","href":"https:\/\/api.w.org\/{rel}","templated":true}]}}