{"id":5295,"date":"2020-09-27T00:48:18","date_gmt":"2020-09-27T00:48:18","guid":{"rendered":"https:\/\/fdnoaxaca.net\/?p=5295"},"modified":"2020-09-27T00:48:21","modified_gmt":"2020-09-27T00:48:21","slug":"declaran-en-emergencia-20-municipios-de-oaxaca-afectados-por-lluvias","status":"publish","type":"post","link":"https:\/\/fdnoaxaca.net\/index.php\/2020\/09\/27\/declaran-en-emergencia-20-municipios-de-oaxaca-afectados-por-lluvias\/","title":{"rendered":"Declaran en emergencia 20 municipios de Oaxaca afectados por lluvias"},"content":{"rendered":"\n<p>Oaxaca de Ju\u00e1rez, Oax. 26 de septiembre de 2020.- Debido a los da\u00f1os por lluvias, 20 municipios de Oaxaca fueron declarados en emergencia por el gobierno federal.<\/p>\n\n\n\n<p>Protecci\u00f3n Civil inform\u00f3 que los municipios que han sido declarados en emergencia son San Juan Comaltepec, San Juan Lalana, Santiago Cho\u00e1pam, Santiago Jocotepec y Santiago Juxtlahuaca, debido a las afectaciones por las lluvias ocurridas del 18 al 20 de septiembre de este a\u00f1o.<\/p>\n\n\n\n<p>Mientras que fueron declarados en emergencia por movimiento de ladera, ocurrido del 18 al 20 de septiembre, los municipios de San Lorenzo Texmelucan, Santiago Camotl\u00e1n, Eloxochitl\u00e1n de Flores Mag\u00f3n e Ixtl\u00e1n de Ju\u00e1rez.<\/p>\n\n\n\n<p>As\u00ed como San Felipe Usila, San Jos\u00e9 Independencia, San Juan Petlapa, San Miguel Amatl\u00e1n, San Miguel Coatl\u00e1n, Santa Catarina de Juquila, Santa In\u00e9s del Monte, San Mart\u00edn Peras, Santiago Zacatepec, y por lluvia y movimiento de ladera los municipios de Totontepec Villa de Morelos y Villa Sola de Vega.<\/p>\n\n\n\n<p>Con esta acci\u00f3n se activan los recursos del Fondo para la Atenci\u00f3n de Emergencias (Fonden), para que la poblaci\u00f3n afectada sea atendida.<\/p>\n\n\n\n<p>Al respecto, Protecci\u00f3n Civil asegur\u00f3 que los municipios con mayor afectaci\u00f3n ya han recibido insumos por parte de la dependencia y el Sistema DIF Estatal, quienes han trabajado en coordinaci\u00f3n con el Ej\u00e9rcito Mexicano y la Guardia Nacional.<\/p>\n","protected":false},"excerpt":{"rendered":"<p>Oaxaca de Ju\u00e1rez, Oax. 26 de septiembre de 2020.- Debido a los da\u00f1os por lluvias, 20 municipios de Oaxaca fueron declarados en emergencia por el gobierno federal. Protecci\u00f3n Civil inform\u00f3 que los municipios que han sido declarados en emergencia son San Juan Comaltepec, San Juan Lalana, Santiago Cho\u00e1pam, Santiago Jocotepec y Santiago Juxtlahuaca, debido a&#8230;<\/p>\n","protected":false},"author":4,"featured_media":5296,"comment_status":"closed","ping_status":"closed","sticky":false,"template":"","format":"standard","meta":{"footnotes":""},"categories":[49],"tags":[],"class_list":["post-5295","post","type-post","status-publish","format-standard","has-post-thumbnail","hentry","category-titulares"],"_links":{"self":[{"href":"https:\/\/fdnoaxaca.net\/index.php\/wp-json\/wp\/v2\/posts\/5295","targetHints":{"allow":["GET"]}}],"collection":[{"href":"https:\/\/fdnoaxaca.net\/index.php\/wp-json\/wp\/v2\/posts"}],"about":[{"href":"https:\/\/fdnoaxaca.net\/index.php\/wp-json\/wp\/v2\/types\/post"}],"author":[{"embeddable":true,"href":"https:\/\/fdnoaxaca.net\/index.php\/wp-json\/wp\/v2\/users\/4"}],"replies":[{"embeddable":true,"href":"https:\/\/fdnoaxaca.net\/index.php\/wp-json\/wp\/v2\/comments?post=5295"}],"version-history":[{"count":1,"href":"https:\/\/fdnoaxaca.net\/index.php\/wp-json\/wp\/v2\/posts\/5295\/revisions"}],"predecessor-version":[{"id":5297,"href":"https:\/\/fdnoaxaca.net\/index.php\/wp-json\/wp\/v2\/posts\/5295\/revisions\/5297"}],"wp:featuredmedia":[{"embeddable":true,"href":"https:\/\/fdnoaxaca.net\/index.php\/wp-json\/wp\/v2\/media\/5296"}],"wp:attachment":[{"href":"https:\/\/fdnoaxaca.net\/index.php\/wp-json\/wp\/v2\/media?parent=5295"}],"wp:term":[{"taxonomy":"category","embeddable":true,"href":"https:\/\/fdnoaxaca.net\/index.php\/wp-json\/wp\/v2\/categories?post=5295"},{"taxonomy":"post_tag","embeddable":true,"href":"https:\/\/fdnoaxaca.net\/index.php\/wp-json\/wp\/v2\/tags?post=5295"}],"curies":[{"name":"wp","href":"https:\/\/api.w.org\/{rel}","templated":true}]}}