{"id":5402,"date":"2020-10-05T03:10:23","date_gmt":"2020-10-05T03:10:23","guid":{"rendered":"https:\/\/fdnoaxaca.net\/?p=5402"},"modified":"2020-10-05T03:10:27","modified_gmt":"2020-10-05T03:10:27","slug":"han-destinado-100-mdp-para-pago-de-incidencias-a-seccion-22","status":"publish","type":"post","link":"https:\/\/fdnoaxaca.net\/index.php\/2020\/10\/05\/han-destinado-100-mdp-para-pago-de-incidencias-a-seccion-22\/","title":{"rendered":"Han destinado 100 mdp para pago de incidencias a Secci\u00f3n 22"},"content":{"rendered":"\n<p>Ciudad de M\u00e9xico, Mex. 4 de octubre de 2020.- Nuevamente la Secci\u00f3n 22 del Sindicato Nacional de Trabajadores de la Educaci\u00f3n (SNTE) se reuni\u00f3 con el gobierno federal, encuentro presidido por el presidente de M\u00e9xico, Andr\u00e9s Manuel L\u00f3pez Obrador y el secretario de Educaci\u00f3n P\u00fablica, Esteban Moctezuma Barrag\u00e1n, en Palacio Nacional.<\/p>\n\n\n\n<p>Por parte de la Secci\u00f3n 22 del Sindicato Nacional de Trabajadores de la Educaci\u00f3n (SNTE), asistieron el secretario general de la gremial, Eloy L\u00f3pez Hern\u00e1ndez; el secretario de Organizaci\u00f3n, Genaro Mart\u00ednez Morales y el secretario de Finanzas, Jos\u00e9 Carlos L\u00f3pez Alonso.<\/p>\n\n\n\n<p>Uno de los puntos abordados en la reuni\u00f3n fue el avance en la atenci\u00f3n de las incidencias administrativas del magisterio, tema en el que ya se aplicaron 100 millones de pesos en Oaxaca para cubrir los pagos \u00fanicos a docentes, luego de que en casi cinco a\u00f1os no se pagara a un grupo de profesores debido a la anterior reforma educativa.<\/p>\n\n\n\n<p>Asimismo, se han asignado 543 claves presupuestales a docentes que desde el 2015 no se les hab\u00eda regularizado y estaban en el mismo rubro de incidencias administrativas.&nbsp;<\/p>\n\n\n\n<p>Actualmente, en la ruta del di\u00e1logo, el Instituto Estatal de Educaci\u00f3n P\u00fablica de Oaxaca (IEEPO) asegur\u00f3 que se contin\u00faa avanzando con la atenci\u00f3n a la segunda etapa de pagos de incidencias administrativas, as\u00ed tambi\u00e9n con la recategorizaci\u00f3n de las Claves E2403 y E2405, entre otros asuntos que incluso hab\u00edan quedado rezagados durante m\u00e1s de 10 a\u00f1os.<\/p>\n","protected":false},"excerpt":{"rendered":"<p>Ciudad de M\u00e9xico, Mex. 4 de octubre de 2020.- Nuevamente la Secci\u00f3n 22 del Sindicato Nacional de Trabajadores de la Educaci\u00f3n (SNTE) se reuni\u00f3 con el gobierno federal, encuentro presidido por el presidente de M\u00e9xico, Andr\u00e9s Manuel L\u00f3pez Obrador y el secretario de Educaci\u00f3n P\u00fablica, Esteban Moctezuma Barrag\u00e1n, en Palacio Nacional. Por parte de la&#8230;<\/p>\n","protected":false},"author":4,"featured_media":5403,"comment_status":"closed","ping_status":"closed","sticky":false,"template":"","format":"standard","meta":{"footnotes":""},"categories":[49],"tags":[],"class_list":["post-5402","post","type-post","status-publish","format-standard","has-post-thumbnail","hentry","category-titulares"],"_links":{"self":[{"href":"https:\/\/fdnoaxaca.net\/index.php\/wp-json\/wp\/v2\/posts\/5402","targetHints":{"allow":["GET"]}}],"collection":[{"href":"https:\/\/fdnoaxaca.net\/index.php\/wp-json\/wp\/v2\/posts"}],"about":[{"href":"https:\/\/fdnoaxaca.net\/index.php\/wp-json\/wp\/v2\/types\/post"}],"author":[{"embeddable":true,"href":"https:\/\/fdnoaxaca.net\/index.php\/wp-json\/wp\/v2\/users\/4"}],"replies":[{"embeddable":true,"href":"https:\/\/fdnoaxaca.net\/index.php\/wp-json\/wp\/v2\/comments?post=5402"}],"version-history":[{"count":1,"href":"https:\/\/fdnoaxaca.net\/index.php\/wp-json\/wp\/v2\/posts\/5402\/revisions"}],"predecessor-version":[{"id":5404,"href":"https:\/\/fdnoaxaca.net\/index.php\/wp-json\/wp\/v2\/posts\/5402\/revisions\/5404"}],"wp:featuredmedia":[{"embeddable":true,"href":"https:\/\/fdnoaxaca.net\/index.php\/wp-json\/wp\/v2\/media\/5403"}],"wp:attachment":[{"href":"https:\/\/fdnoaxaca.net\/index.php\/wp-json\/wp\/v2\/media?parent=5402"}],"wp:term":[{"taxonomy":"category","embeddable":true,"href":"https:\/\/fdnoaxaca.net\/index.php\/wp-json\/wp\/v2\/categories?post=5402"},{"taxonomy":"post_tag","embeddable":true,"href":"https:\/\/fdnoaxaca.net\/index.php\/wp-json\/wp\/v2\/tags?post=5402"}],"curies":[{"name":"wp","href":"https:\/\/api.w.org\/{rel}","templated":true}]}}