{"id":5405,"date":"2020-10-05T20:41:14","date_gmt":"2020-10-05T20:41:14","guid":{"rendered":"https:\/\/fdnoaxaca.net\/?p=5405"},"modified":"2020-10-05T20:41:18","modified_gmt":"2020-10-05T20:41:18","slug":"la-produccion-de-contenidos-en-la-comunicacion-institucional","status":"publish","type":"post","link":"https:\/\/fdnoaxaca.net\/index.php\/2020\/10\/05\/la-produccion-de-contenidos-en-la-comunicacion-institucional\/","title":{"rendered":"La producci\u00f3n de contenidos en la Comunicaci\u00f3n Institucional"},"content":{"rendered":"\n<p>Oaxaca de Ju\u00e1rez, Oax. 5 de octubre de 2002.- Despu\u00e9s de planear, el segundo lado del tri\u00e1ngulo de la comunicaci\u00f3n institucional es la producci\u00f3n de contenidos. Esta \u00e1rea es muy visible en las organizaciones. Y es que aqu\u00ed se cubre, genera, procesa, edita, diversifica y distribuye la informaci\u00f3n que se busca posicionar para cumplir los objetivos de la empresa.<\/p>\n\n\n\n<p>La producci\u00f3n de contenidos tiene a su vez tres espacios de responsabilidad claros: la informaci\u00f3n, la producci\u00f3n misma y la administraci\u00f3n de plataformas propias.<\/p>\n\n\n\n<p>En el espacio de la informaci\u00f3n se reportea, se captan testimonios y momentos, se documentan y almacenan testigos de actividades, se procesan datos y se redactan las noticias de la instituci\u00f3n para los distintos formatos existentes, ll\u00e1mense texto, fotograf\u00eda, contenido audiovisual, g\u00e9nero radiof\u00f3nico, infograf\u00eda y en general cualquier material multimedia.<\/p>\n\n\n\n<p>La producci\u00f3n en s\u00ed despliega la informaci\u00f3n reporteada a los diversos formatos. Es decir, aqu\u00ed se encuentran los dise\u00f1adores y editores de texto, audio y video. Quienes producen el material de la organizaci\u00f3n deben hacerlo para dos tipos de medios: los propios y los externos. Para los primeros se dise\u00f1a material institucional y para los segundos material gre\u00f1a o en bruto o formatos gen\u00e9ricos sin marca alguna.<\/p>\n\n\n\n<p>Una vez con las infograf\u00edas, textos, audios o videos producidos es turno de la Administraci\u00f3n de plataformas propias para subir, distribuir y vincular la informaci\u00f3n procesada que se tiene, de acuerdo con sus caracter\u00edsticas y metas de alcance,  a los medios con los que cuenta la organizaci\u00f3n que van desde redes sociales hasta espacios radiof\u00f3nicos o televisivos con programaci\u00f3n propia. Aqu\u00ed debe existir un solo control que tenga la llave de todas las plataformas institucionales para utilizarlas \u00e1gil, integral y estrat\u00e9gicamente.  <\/p>\n\n\n\n<p>*Jorge Oropeza. Presidente del Colegio de Profesionistas Compartir Conocimiento A.C.<\/p>\n","protected":false},"excerpt":{"rendered":"<p>Oaxaca de Ju\u00e1rez, Oax. 5 de octubre de 2002.- Despu\u00e9s de planear, el segundo lado del tri\u00e1ngulo de la comunicaci\u00f3n institucional es la producci\u00f3n de contenidos. Esta \u00e1rea es muy visible en las organizaciones. Y es que aqu\u00ed se cubre, genera, procesa, edita, diversifica y distribuye la informaci\u00f3n que se busca posicionar para cumplir los&#8230;<\/p>\n","protected":false},"author":4,"featured_media":5406,"comment_status":"closed","ping_status":"closed","sticky":false,"template":"","format":"standard","meta":{"footnotes":""},"categories":[51],"tags":[],"class_list":["post-5405","post","type-post","status-publish","format-standard","has-post-thumbnail","hentry","category-perspectiva"],"_links":{"self":[{"href":"https:\/\/fdnoaxaca.net\/index.php\/wp-json\/wp\/v2\/posts\/5405","targetHints":{"allow":["GET"]}}],"collection":[{"href":"https:\/\/fdnoaxaca.net\/index.php\/wp-json\/wp\/v2\/posts"}],"about":[{"href":"https:\/\/fdnoaxaca.net\/index.php\/wp-json\/wp\/v2\/types\/post"}],"author":[{"embeddable":true,"href":"https:\/\/fdnoaxaca.net\/index.php\/wp-json\/wp\/v2\/users\/4"}],"replies":[{"embeddable":true,"href":"https:\/\/fdnoaxaca.net\/index.php\/wp-json\/wp\/v2\/comments?post=5405"}],"version-history":[{"count":1,"href":"https:\/\/fdnoaxaca.net\/index.php\/wp-json\/wp\/v2\/posts\/5405\/revisions"}],"predecessor-version":[{"id":5407,"href":"https:\/\/fdnoaxaca.net\/index.php\/wp-json\/wp\/v2\/posts\/5405\/revisions\/5407"}],"wp:featuredmedia":[{"embeddable":true,"href":"https:\/\/fdnoaxaca.net\/index.php\/wp-json\/wp\/v2\/media\/5406"}],"wp:attachment":[{"href":"https:\/\/fdnoaxaca.net\/index.php\/wp-json\/wp\/v2\/media?parent=5405"}],"wp:term":[{"taxonomy":"category","embeddable":true,"href":"https:\/\/fdnoaxaca.net\/index.php\/wp-json\/wp\/v2\/categories?post=5405"},{"taxonomy":"post_tag","embeddable":true,"href":"https:\/\/fdnoaxaca.net\/index.php\/wp-json\/wp\/v2\/tags?post=5405"}],"curies":[{"name":"wp","href":"https:\/\/api.w.org\/{rel}","templated":true}]}}