{"id":5429,"date":"2020-10-06T21:29:56","date_gmt":"2020-10-06T21:29:56","guid":{"rendered":"https:\/\/fdnoaxaca.net\/?p=5429"},"modified":"2020-10-06T21:30:00","modified_gmt":"2020-10-06T21:30:00","slug":"se-perfila-2020-como-el-ano-mas-violento-para-los-policias-en-mexico-428-elementos-asesinados","status":"publish","type":"post","link":"https:\/\/fdnoaxaca.net\/index.php\/2020\/10\/06\/se-perfila-2020-como-el-ano-mas-violento-para-los-policias-en-mexico-428-elementos-asesinados\/","title":{"rendered":"Se perfila 2020 como el a\u00f1o m\u00e1s violento para los polic\u00edas en M\u00e9xico; 428 elementos asesinados"},"content":{"rendered":"\n<p>Oaxaca de Ju\u00e1rez, Oax. 6 de octubre de 2020.- El 2020 se perfila como el a\u00f1o m\u00e1s violento para los elementos de seguridad en M\u00e9xico, debido a que han sido asesinados 428 polic\u00edas, alerta la organizaci\u00f3n Causa en Com\u00fan.<\/p>\n\n\n\n<p>Del 1 de enero al 30 de septiembre de este a\u00f1o, 422 polic\u00edas fueron asesinados en el pa\u00eds, lo que representa un incremento del 45.5 por ciento comparado con el mismo per\u00edodo de 2019.<\/p>\n\n\n\n<p>De acuerdo con la organizaci\u00f3n Causa en Com\u00fan, desde que inici\u00f3 en 2018 con el conteo de polic\u00edas ultimados, este 2020 se perfila como el per\u00edodo m\u00e1s violento contra los elementos de seguridad, pues en todo el a\u00f1o 2019 hubo 446 efectivos asesinados; y en lo que va de estos 10 meses de 2020 suman 428 polic\u00edas asesinados.<\/p>\n\n\n\n<p>En promedio, en el pa\u00eds se asesina un polic\u00eda por d\u00eda. Sin embargo, en junio de este a\u00f1o hubo 64 cr\u00edmenes, lo que significa que cada d\u00eda fueron ultimados dos polic\u00edas en ese per\u00edodo.<\/p>\n\n\n\n<p>Recientemente, el 25 de septiembre fue asesinado con un arma blanca un polic\u00eda municipal en Santa Cruz Xoxocotl\u00e1n, municipio conurbado a la ciudad de Oaxaca.<\/p>\n\n\n\n<p>De acuerdo con el reporte policial, el elemento de seguridad fue atacado por un presunto delincuente cuando iba a ser detenido en calles del centro de Xoxocotl\u00e1n. Tras el ataque, el polic\u00eda Alberto Ram\u00edrez Cort\u00e9s fue trasladado al hospital de la ciudad de Oaxaca. Sin embargo, debido a la gravedad de las lesiones, muri\u00f3 durante el trayecto.<\/p>\n\n\n\n<p>Las entidades con mayor n\u00famero de polic\u00edas asesinados en lo que va de este a\u00f1o son Guanajuato con 74 casos; Estado de M\u00e9xico, 35 casos; Veracruz, con 33 casos; Guerrero, 32; y Chihuahua, 30 cr\u00edmenes.<\/p>\n\n\n\n<p>Por tercer a\u00f1o consecutivo, Guanajuato es el estado donde m\u00e1s se matan polic\u00edas; en 2018, hubo 66 homicidios; en 2019 fueron 73 cr\u00edmenes; y hasta septiembre de este a\u00f1o se han contabilizado 74 asesinatos.<\/p>\n\n\n\n<p>Al respecto, Causa en Com\u00fan demanda a los gobiernos federal y estatal la aplicaci\u00f3n de la ley para que se castigue a los responsables de los homicidios.<\/p>\n\n\n\n<p>Asimismo, solicita que se reconozca y valore la labor de los polic\u00edas, se mejoren sus condiciones de trabajo, y se les garantice sus derechos.<\/p>\n","protected":false},"excerpt":{"rendered":"<p>Oaxaca de Ju\u00e1rez, Oax. 6 de octubre de 2020.- El 2020 se perfila como el a\u00f1o m\u00e1s violento para los elementos de seguridad en M\u00e9xico, debido a que han sido asesinados 428 polic\u00edas, alerta la organizaci\u00f3n Causa en Com\u00fan. Del 1 de enero al 30 de septiembre de este a\u00f1o, 422 polic\u00edas fueron asesinados en&#8230;<\/p>\n","protected":false},"author":4,"featured_media":5431,"comment_status":"closed","ping_status":"closed","sticky":false,"template":"","format":"standard","meta":{"footnotes":""},"categories":[49],"tags":[],"class_list":["post-5429","post","type-post","status-publish","format-standard","has-post-thumbnail","hentry","category-titulares"],"_links":{"self":[{"href":"https:\/\/fdnoaxaca.net\/index.php\/wp-json\/wp\/v2\/posts\/5429","targetHints":{"allow":["GET"]}}],"collection":[{"href":"https:\/\/fdnoaxaca.net\/index.php\/wp-json\/wp\/v2\/posts"}],"about":[{"href":"https:\/\/fdnoaxaca.net\/index.php\/wp-json\/wp\/v2\/types\/post"}],"author":[{"embeddable":true,"href":"https:\/\/fdnoaxaca.net\/index.php\/wp-json\/wp\/v2\/users\/4"}],"replies":[{"embeddable":true,"href":"https:\/\/fdnoaxaca.net\/index.php\/wp-json\/wp\/v2\/comments?post=5429"}],"version-history":[{"count":1,"href":"https:\/\/fdnoaxaca.net\/index.php\/wp-json\/wp\/v2\/posts\/5429\/revisions"}],"predecessor-version":[{"id":5432,"href":"https:\/\/fdnoaxaca.net\/index.php\/wp-json\/wp\/v2\/posts\/5429\/revisions\/5432"}],"wp:featuredmedia":[{"embeddable":true,"href":"https:\/\/fdnoaxaca.net\/index.php\/wp-json\/wp\/v2\/media\/5431"}],"wp:attachment":[{"href":"https:\/\/fdnoaxaca.net\/index.php\/wp-json\/wp\/v2\/media?parent=5429"}],"wp:term":[{"taxonomy":"category","embeddable":true,"href":"https:\/\/fdnoaxaca.net\/index.php\/wp-json\/wp\/v2\/categories?post=5429"},{"taxonomy":"post_tag","embeddable":true,"href":"https:\/\/fdnoaxaca.net\/index.php\/wp-json\/wp\/v2\/tags?post=5429"}],"curies":[{"name":"wp","href":"https:\/\/api.w.org\/{rel}","templated":true}]}}