{"id":5433,"date":"2020-10-06T23:43:19","date_gmt":"2020-10-06T23:43:19","guid":{"rendered":"https:\/\/fdnoaxaca.net\/?p=5433"},"modified":"2020-10-06T23:43:32","modified_gmt":"2020-10-06T23:43:32","slug":"se-capacitan-docentes-de-oaxaca-en-uso-de-nuevas-tecnologias","status":"publish","type":"post","link":"https:\/\/fdnoaxaca.net\/index.php\/2020\/10\/06\/se-capacitan-docentes-de-oaxaca-en-uso-de-nuevas-tecnologias\/","title":{"rendered":"Se capacitan docentes de Oaxaca en uso de nuevas tecnolog\u00edas"},"content":{"rendered":"\n<p>Oaxaca de Ju\u00e1rez, Oax. 6 de octubre de 2020.- Docentes de Oaxaca comenzaron a capacitarse en el uso de nuevas tecnolog\u00edas para la educaci\u00f3n.<\/p>\n\n\n\n<p>Coordinado con la Secretar\u00eda de Educaci\u00f3n P\u00fablica (SEP) e impartido a trav\u00e9s del Instituto Latinoamericano de la Comunicaci\u00f3n Educativa (ILCE) -organismo de vanguardia y referente internacional en la formulaci\u00f3n de pol\u00edticas educativas-, el taller tiene como objetivo actualizar a los asistentes sobre el uso de plataformas educativas virtuales.<\/p>\n\n\n\n<p>A trav\u00e9s de este curso, los 300 docentes que participan, podr\u00e1n conocer c\u00f3mo transformar los materiales que regularmente utilizan en las clases presenciales, para aplicarlos en l\u00ednea y realizar\u00e1n actividades matem\u00e1ticas, cient\u00edficas, de lenguaje y comunicativas desde la vida cotidiana, \u201cpara reinventarnos en una educaci\u00f3n humanista, apoyada en la tecnolog\u00eda\u201d.<\/p>\n\n\n\n<p>El Instituto Estatal de Educaci\u00f3n P\u00fablica de Oaxaca (IEEPO) puntualiz\u00f3 que estas herramientas son fundamentales para el logro de los objetivos educativos, ante la contingencia provocada por la propagaci\u00f3n del virus SARS COV-2, pero tambi\u00e9n, para avanzar en el camino de \u201creinventarnos por una educaci\u00f3n integral que incluya las habilidades que permitan enfrentar en comunidad los retos que se nos presenten\u201d.<\/p>\n\n\n\n<p>Asimismo, se inform\u00f3 que esta estrategia tiene como objetivo impartir ense\u00f1anzas de calidad y contribuir en el avance acad\u00e9mico de los ni\u00f1os, adolescentes y j\u00f3venes, as\u00ed como contar con docentes fortalecidos. <\/p>\n\n\n\n<p>El taller \u201cUso de nuevas tecnolog\u00edas para la educaci\u00f3n\u201d, comprende 40 horas de trabajo en formaci\u00f3n con herramientas de apoyo para el proceso de ense\u00f1anza-aprendizaje a distancia o semi presencial con un sistema de gesti\u00f3n de aprendizaje en l\u00ednea. Forma parte de la Jornada Estatal de Capacitaci\u00f3n a Distancia 2020-2021: \u201cHerramientas pedag\u00f3gicas y did\u00e1cticas ante el reto de la educaci\u00f3n a distancia\u201d, en la que participar\u00e1n tres mil figuras educativas del estado.<\/p>\n","protected":false},"excerpt":{"rendered":"<p>Oaxaca de Ju\u00e1rez, Oax. 6 de octubre de 2020.- Docentes de Oaxaca comenzaron a capacitarse en el uso de nuevas tecnolog\u00edas para la educaci\u00f3n. Coordinado con la Secretar\u00eda de Educaci\u00f3n P\u00fablica (SEP) e impartido a trav\u00e9s del Instituto Latinoamericano de la Comunicaci\u00f3n Educativa (ILCE) -organismo de vanguardia y referente internacional en la formulaci\u00f3n de pol\u00edticas&#8230;<\/p>\n","protected":false},"author":4,"featured_media":5434,"comment_status":"closed","ping_status":"closed","sticky":false,"template":"","format":"standard","meta":{"footnotes":""},"categories":[4],"tags":[],"class_list":["post-5433","post","type-post","status-publish","format-standard","has-post-thumbnail","hentry","category-general"],"_links":{"self":[{"href":"https:\/\/fdnoaxaca.net\/index.php\/wp-json\/wp\/v2\/posts\/5433","targetHints":{"allow":["GET"]}}],"collection":[{"href":"https:\/\/fdnoaxaca.net\/index.php\/wp-json\/wp\/v2\/posts"}],"about":[{"href":"https:\/\/fdnoaxaca.net\/index.php\/wp-json\/wp\/v2\/types\/post"}],"author":[{"embeddable":true,"href":"https:\/\/fdnoaxaca.net\/index.php\/wp-json\/wp\/v2\/users\/4"}],"replies":[{"embeddable":true,"href":"https:\/\/fdnoaxaca.net\/index.php\/wp-json\/wp\/v2\/comments?post=5433"}],"version-history":[{"count":1,"href":"https:\/\/fdnoaxaca.net\/index.php\/wp-json\/wp\/v2\/posts\/5433\/revisions"}],"predecessor-version":[{"id":5435,"href":"https:\/\/fdnoaxaca.net\/index.php\/wp-json\/wp\/v2\/posts\/5433\/revisions\/5435"}],"wp:featuredmedia":[{"embeddable":true,"href":"https:\/\/fdnoaxaca.net\/index.php\/wp-json\/wp\/v2\/media\/5434"}],"wp:attachment":[{"href":"https:\/\/fdnoaxaca.net\/index.php\/wp-json\/wp\/v2\/media?parent=5433"}],"wp:term":[{"taxonomy":"category","embeddable":true,"href":"https:\/\/fdnoaxaca.net\/index.php\/wp-json\/wp\/v2\/categories?post=5433"},{"taxonomy":"post_tag","embeddable":true,"href":"https:\/\/fdnoaxaca.net\/index.php\/wp-json\/wp\/v2\/tags?post=5433"}],"curies":[{"name":"wp","href":"https:\/\/api.w.org\/{rel}","templated":true}]}}