{"id":5499,"date":"2020-10-12T19:57:38","date_gmt":"2020-10-12T19:57:38","guid":{"rendered":"https:\/\/fdnoaxaca.net\/?p=5499"},"modified":"2020-10-12T19:57:42","modified_gmt":"2020-10-12T19:57:42","slug":"convoca-ieepo-a-docentes-a-estudiar-cursos-en-linea-en-oaxaca","status":"publish","type":"post","link":"https:\/\/fdnoaxaca.net\/index.php\/2020\/10\/12\/convoca-ieepo-a-docentes-a-estudiar-cursos-en-linea-en-oaxaca\/","title":{"rendered":"Convoca IEEPO a docentes a estudiar cursos en l\u00ednea en Oaxaca"},"content":{"rendered":"\n<p>Oaxaca de Ju\u00e1rez, Oax. 12 de octubre de 2020.- El Instituto Estatal de Educaci\u00f3n P\u00fablica de Oaxaca (IEEPO), invita a los docentes a cursos acad\u00e9micos en l\u00ednea, pr\u00f3ximos a iniciar para fortalecer su aprendizaje y ense\u00f1anza a los alumnos.<\/p>\n\n\n\n<p>Dirigido a personal educativo de escuelas p\u00fablicas de educaci\u00f3n b\u00e1sica general e ind\u00edgena y de los niveles de preescolar, primaria y telesecundaria, el 26 de octubre iniciar\u00e1 el curso Aportes Pedag\u00f3gicos de la Tipograf\u00eda Escolar de Freinet en el Aula Multigrado, que ser\u00e1 desarrollado por expertos en el tema.<\/p>\n\n\n\n<p>Por otra parte, en coordinaci\u00f3n con el Instituto de Ciencias de la Educaci\u00f3n de la Universidad Aut\u00f3noma Benito Ju\u00e1rez de Oaxaca (ICEUABJO), se impartir\u00e1 el taller La Ense\u00f1anza a Distancia de Fracciones Vinculando Herramientas Tecnol\u00f3gicas, durante cuatro s\u00e1bados a partir del 24 de octubre de 2020.<\/p>\n\n\n\n<p>En ambas capacitaciones, el registro para los interesados, se efectuar\u00e1 a partir del 14 de octubre, a trav\u00e9s del  Sistema Estatal de Registro Seguimiento y Evaluaci\u00f3n de los Programas de Formaci\u00f3n (SERSE), en la liga: https:\/\/ufc.ieepo.gob.mx\/Serse\/.<\/p>\n\n\n\n<p>En las alianzas con la Universidad Nacional Aut\u00f3noma de M\u00e9xico (UNAM), el IEEPO ofrece tambi\u00e9n los cursos Did\u00e1ctica para el Desarrollo del Pensamiento Matem\u00e1tico en Preescolar y Estrategias Did\u00e1cticas para el Desarrollo del Lenguaje y Pensamiento Tem\u00e1tico en Educaci\u00f3n Primaria, a realizarse del 19 de octubre al 15 de noviembre de 2020.<\/p>\n\n\n\n<p>Para mayores informes, los interesados pueden consultar la p\u00e1gina web institucional  www.oaxaca.gob.mx\/ieepo\/ en el apartado de convocatorias,  o en su caso comunicarse a la Unidad de Formaci\u00f3n Continua del IEEPO al tel\u00e9fono 951 282 69 54 y mediante correo electr\u00f3nico a de.ufc.formacion@ieepo.gob.mx.<\/p>\n\n\n\n<p>Asimismo, se encuentra abierta la convocatoria a supervisores, supervisoras, asesores t\u00e9cnicos pedag\u00f3gicos y personal directivo de nivel b\u00e1sico al segundo Ciclo de Talleres de Formaci\u00f3n y Actualizaci\u00f3n del Programa Nacional de Convivencia Escolar (PNCE), programado en tres m\u00f3dulos, de dos d\u00edas cada uno en un horario de 17:00 a 19:00 horas.<\/p>\n\n\n\n<p>El primero con el tema Habilidades Socioemocionales; el m\u00f3dulo II, abordar\u00e1 la cultura de la paz y el tercer m\u00f3dulo ser\u00e1 Estrategia de G\u00e9nero. Sobre esta actividad, la informaci\u00f3n se  puede solicitar a los tel\u00e9fonos 951 205 38 71 y 951 205 25 86, de la Direcci\u00f3n para la Mejora de la Convivencia Escolar y Unidad de Enlace de G\u00e9nero.<\/p>\n","protected":false},"excerpt":{"rendered":"<p>Oaxaca de Ju\u00e1rez, Oax. 12 de octubre de 2020.- El Instituto Estatal de Educaci\u00f3n P\u00fablica de Oaxaca (IEEPO), invita a los docentes a cursos acad\u00e9micos en l\u00ednea, pr\u00f3ximos a iniciar para fortalecer su aprendizaje y ense\u00f1anza a los alumnos. Dirigido a personal educativo de escuelas p\u00fablicas de educaci\u00f3n b\u00e1sica general e ind\u00edgena y de los&#8230;<\/p>\n","protected":false},"author":4,"featured_media":5500,"comment_status":"closed","ping_status":"closed","sticky":false,"template":"","format":"standard","meta":{"footnotes":""},"categories":[4],"tags":[],"class_list":["post-5499","post","type-post","status-publish","format-standard","has-post-thumbnail","hentry","category-general"],"_links":{"self":[{"href":"https:\/\/fdnoaxaca.net\/index.php\/wp-json\/wp\/v2\/posts\/5499","targetHints":{"allow":["GET"]}}],"collection":[{"href":"https:\/\/fdnoaxaca.net\/index.php\/wp-json\/wp\/v2\/posts"}],"about":[{"href":"https:\/\/fdnoaxaca.net\/index.php\/wp-json\/wp\/v2\/types\/post"}],"author":[{"embeddable":true,"href":"https:\/\/fdnoaxaca.net\/index.php\/wp-json\/wp\/v2\/users\/4"}],"replies":[{"embeddable":true,"href":"https:\/\/fdnoaxaca.net\/index.php\/wp-json\/wp\/v2\/comments?post=5499"}],"version-history":[{"count":1,"href":"https:\/\/fdnoaxaca.net\/index.php\/wp-json\/wp\/v2\/posts\/5499\/revisions"}],"predecessor-version":[{"id":5501,"href":"https:\/\/fdnoaxaca.net\/index.php\/wp-json\/wp\/v2\/posts\/5499\/revisions\/5501"}],"wp:featuredmedia":[{"embeddable":true,"href":"https:\/\/fdnoaxaca.net\/index.php\/wp-json\/wp\/v2\/media\/5500"}],"wp:attachment":[{"href":"https:\/\/fdnoaxaca.net\/index.php\/wp-json\/wp\/v2\/media?parent=5499"}],"wp:term":[{"taxonomy":"category","embeddable":true,"href":"https:\/\/fdnoaxaca.net\/index.php\/wp-json\/wp\/v2\/categories?post=5499"},{"taxonomy":"post_tag","embeddable":true,"href":"https:\/\/fdnoaxaca.net\/index.php\/wp-json\/wp\/v2\/tags?post=5499"}],"curies":[{"name":"wp","href":"https:\/\/api.w.org\/{rel}","templated":true}]}}