{"id":5673,"date":"2020-10-22T20:12:53","date_gmt":"2020-10-22T20:12:53","guid":{"rendered":"https:\/\/fdnoaxaca.net\/?p=5673"},"modified":"2020-10-22T20:13:02","modified_gmt":"2020-10-22T20:13:02","slug":"en-los-ultimos-dos-anos-mil-365-normalistas-contratados-en-oaxaca","status":"publish","type":"post","link":"https:\/\/fdnoaxaca.net\/index.php\/2020\/10\/22\/en-los-ultimos-dos-anos-mil-365-normalistas-contratados-en-oaxaca\/","title":{"rendered":"En los \u00faltimos dos a\u00f1os, mil 365 normalistas contratados en Oaxaca"},"content":{"rendered":"\n<p>Oaxaca de Ju\u00e1rez, Oax. 22 de octubre de 2020.- Mil 365 normalistas han sido contratados en Oaxaca en los \u00faltimos dos a\u00f1os, para ser parte del sistema educativo p\u00fablico del estado.<\/p>\n\n\n\n<p>De acuerdo con el Instituto Estatal de Educaci\u00f3n P\u00fablica de Oaxaca (IEEPO),  fueron contratados en \u00faltimos a\u00f1os, por parte de la federaci\u00f3n, egresados de las generaciones 2017-2018 y 2018-2019.<\/p>\n\n\n\n<p>Ante las movilizaciones de los normalistas en la ciudad de Oaxaca pese a la emergencia sanitaria del Covid-19, el IEEPO exhorta a los egresados y estudiantes de las normales, a no exponerse, y  continuar con la educaci\u00f3n a distancia, fortaleciendo sus habilidades y capacidades para el futuro en beneficio de ni\u00f1os y adolescentes de la entidad.<\/p>\n\n\n\n<p>Este jueves los normalistas marcharon del oriente hacia el centro de la capital del estado.<\/p>\n\n\n\n<p>Por otra parte, en las estrategias de educaci\u00f3n a distancia, el Instituto Estatal de Educaci\u00f3n P\u00fablica de Oaxaca informa que las normales han establecido la entrega de trabajos acad\u00e9micos por diferentes v\u00edas, en apoyo a los estudiantes y de acuerdo con sus circunstancias.<\/p>\n","protected":false},"excerpt":{"rendered":"<p>Oaxaca de Ju\u00e1rez, Oax. 22 de octubre de 2020.- Mil 365 normalistas han sido contratados en Oaxaca en los \u00faltimos dos a\u00f1os, para ser parte del sistema educativo p\u00fablico del estado. De acuerdo con el Instituto Estatal de Educaci\u00f3n P\u00fablica de Oaxaca (IEEPO), fueron contratados en \u00faltimos a\u00f1os, por parte de la federaci\u00f3n, egresados de&#8230;<\/p>\n","protected":false},"author":4,"featured_media":5674,"comment_status":"closed","ping_status":"closed","sticky":false,"template":"","format":"standard","meta":{"footnotes":""},"categories":[49],"tags":[],"class_list":["post-5673","post","type-post","status-publish","format-standard","has-post-thumbnail","hentry","category-titulares"],"_links":{"self":[{"href":"https:\/\/fdnoaxaca.net\/index.php\/wp-json\/wp\/v2\/posts\/5673","targetHints":{"allow":["GET"]}}],"collection":[{"href":"https:\/\/fdnoaxaca.net\/index.php\/wp-json\/wp\/v2\/posts"}],"about":[{"href":"https:\/\/fdnoaxaca.net\/index.php\/wp-json\/wp\/v2\/types\/post"}],"author":[{"embeddable":true,"href":"https:\/\/fdnoaxaca.net\/index.php\/wp-json\/wp\/v2\/users\/4"}],"replies":[{"embeddable":true,"href":"https:\/\/fdnoaxaca.net\/index.php\/wp-json\/wp\/v2\/comments?post=5673"}],"version-history":[{"count":1,"href":"https:\/\/fdnoaxaca.net\/index.php\/wp-json\/wp\/v2\/posts\/5673\/revisions"}],"predecessor-version":[{"id":5675,"href":"https:\/\/fdnoaxaca.net\/index.php\/wp-json\/wp\/v2\/posts\/5673\/revisions\/5675"}],"wp:featuredmedia":[{"embeddable":true,"href":"https:\/\/fdnoaxaca.net\/index.php\/wp-json\/wp\/v2\/media\/5674"}],"wp:attachment":[{"href":"https:\/\/fdnoaxaca.net\/index.php\/wp-json\/wp\/v2\/media?parent=5673"}],"wp:term":[{"taxonomy":"category","embeddable":true,"href":"https:\/\/fdnoaxaca.net\/index.php\/wp-json\/wp\/v2\/categories?post=5673"},{"taxonomy":"post_tag","embeddable":true,"href":"https:\/\/fdnoaxaca.net\/index.php\/wp-json\/wp\/v2\/tags?post=5673"}],"curies":[{"name":"wp","href":"https:\/\/api.w.org\/{rel}","templated":true}]}}