{"id":5752,"date":"2020-10-26T22:52:16","date_gmt":"2020-10-26T22:52:16","guid":{"rendered":"https:\/\/fdnoaxaca.net\/?p=5752"},"modified":"2020-10-26T22:52:20","modified_gmt":"2020-10-26T22:52:20","slug":"valoran-construir-una-universidad-en-el-penal-clausurado-de-ixcotel","status":"publish","type":"post","link":"https:\/\/fdnoaxaca.net\/index.php\/2020\/10\/26\/valoran-construir-una-universidad-en-el-penal-clausurado-de-ixcotel\/","title":{"rendered":"Valoran construir una universidad en el penal clausurado de Ixcotel"},"content":{"rendered":"\n<p>Santa Luc\u00eda del Camino, Oax. 26 de octubre de 2020.- Despu\u00e9s de casi 60 a\u00f1os de funcionar como Penitenciar\u00eda en Santa Mar\u00eda Ixcotel, Oaxaca, el penal fue cerrado definitivamente este lunes, y ahora en su lugar, se valora la construcci\u00f3n de una universidad.<\/p>\n\n\n\n<p>Durante este lunes, el gobernador Alejandro Murat Hinojosa junto con autoridades de seguridad, recorri\u00f3 las instalaciones del penal ubicado en Ixcotel, en el municipio de Santa Luc\u00eda del Camino, el cual operaba como tal desde 1961, y al t\u00e9rmino, clausur\u00f3 oficialmente el inmueble.<\/p>\n\n\n\n<figure class=\"wp-block-image\"><img loading=\"lazy\" decoding=\"async\" width=\"1024\" height=\"682\" src=\"https:\/\/fdnoaxaca.net\/wp-content\/uploads\/2020\/10\/IMG-20201026-WA0161-1024x682.jpg\" alt=\"\" class=\"wp-image-5754\" srcset=\"https:\/\/fdnoaxaca.net\/wp-content\/uploads\/2020\/10\/IMG-20201026-WA0161-1024x682.jpg 1024w, https:\/\/fdnoaxaca.net\/wp-content\/uploads\/2020\/10\/IMG-20201026-WA0161-300x200.jpg 300w, https:\/\/fdnoaxaca.net\/wp-content\/uploads\/2020\/10\/IMG-20201026-WA0161-768x512.jpg 768w, https:\/\/fdnoaxaca.net\/wp-content\/uploads\/2020\/10\/IMG-20201026-WA0161-600x400.jpg 600w, https:\/\/fdnoaxaca.net\/wp-content\/uploads\/2020\/10\/IMG-20201026-WA0161-272x182.jpg 272w, https:\/\/fdnoaxaca.net\/wp-content\/uploads\/2020\/10\/IMG-20201026-WA0161.jpg 1280w\" sizes=\"auto, (max-width: 1024px) 100vw, 1024px\" \/><\/figure>\n\n\n\n<p>&#8220;Al cerrar esta puerta mandamos un mensaje al pueblo de Oaxaca y M\u00e9xico, que somos m\u00e1s y es m\u00e1s fuerte el estado para crear y construir nuevas oportunidades. Todos los d\u00edas trabajamos para que las y los oaxaque\u00f1os alcancen sus sue\u00f1os\u201d, expres\u00f3 Murat en presencia del comandante de la VIII Regi\u00f3n Militar, Juan Arturo Cordero G\u00f3mez, y del titular de la Secretar\u00eda de Seguridad P\u00fablica de Oaxaca (SSPO), Ra\u00fal Ernesto Salcedo Rosales.<\/p>\n\n\n\n<p>El cierre del hist\u00f3rico penal, indic\u00f3, obedece a garantizar la tranquilidad y paz de los oaxaque\u00f1os, pero tambi\u00e9n el garantizar la integridad y derechos de las personas que se encontraban recluidas.<\/p>\n\n\n\n<p>Confirm\u00f3, adem\u00e1s, que en el lugar donde se ubica el extinto penal, se proyecta la posible construcci\u00f3n de una universidad; sin embargo, esta decisi\u00f3n se realizar\u00e1 en conjunto con la Sedena, toda vez que esta Secretar\u00eda tiene los derechos de propiedad de la zona.<\/p>\n\n\n\n<figure class=\"wp-block-image\"><img loading=\"lazy\" decoding=\"async\" width=\"1024\" height=\"682\" src=\"https:\/\/fdnoaxaca.net\/wp-content\/uploads\/2020\/10\/IMG-20201026-WA0155-1024x682.jpg\" alt=\"\" class=\"wp-image-5755\" srcset=\"https:\/\/fdnoaxaca.net\/wp-content\/uploads\/2020\/10\/IMG-20201026-WA0155.jpg 1024w, https:\/\/fdnoaxaca.net\/wp-content\/uploads\/2020\/10\/IMG-20201026-WA0155-300x200.jpg 300w, https:\/\/fdnoaxaca.net\/wp-content\/uploads\/2020\/10\/IMG-20201026-WA0155-768x512.jpg 768w, https:\/\/fdnoaxaca.net\/wp-content\/uploads\/2020\/10\/IMG-20201026-WA0155-600x400.jpg 600w, https:\/\/fdnoaxaca.net\/wp-content\/uploads\/2020\/10\/IMG-20201026-WA0155-272x182.jpg 272w\" sizes=\"auto, (max-width: 1024px) 100vw, 1024px\" \/><\/figure>\n\n\n\n<p>Por su parte, el titular de la SSPO, Ra\u00fal Ernesto Salcedo Rosales, explic\u00f3 que este cierre y la reubicaci\u00f3n de los reclusos \u201catiende al nuevo Modelo Integral de Reinserci\u00f3n Social; as\u00ed como a las reglas m\u00ednimas de las Naciones Unidas para el tratamiento de los reclusos que implica la necesidad de contar con instalaciones dignas y seguras de internamiento, con pleno respeto a los Derechos Humanos\u201d. <\/p>\n\n\n\n<p>El traslado de los presos se llev\u00f3 a cabo durante la madrugada de este lunes, por parte de personal de la Secretar\u00eda de Seguridad P\u00fablica y de la Guardia Nacional.<\/p>\n\n\n\n<figure class=\"wp-block-image\"><img loading=\"lazy\" decoding=\"async\" width=\"1024\" height=\"682\" src=\"https:\/\/fdnoaxaca.net\/wp-content\/uploads\/2020\/10\/uykk0h-1024x682.jpg\" alt=\"\" class=\"wp-image-5756\" srcset=\"https:\/\/fdnoaxaca.net\/wp-content\/uploads\/2020\/10\/uykk0h.jpg 1024w, https:\/\/fdnoaxaca.net\/wp-content\/uploads\/2020\/10\/uykk0h-300x200.jpg 300w, https:\/\/fdnoaxaca.net\/wp-content\/uploads\/2020\/10\/uykk0h-768x512.jpg 768w, https:\/\/fdnoaxaca.net\/wp-content\/uploads\/2020\/10\/uykk0h-600x400.jpg 600w, https:\/\/fdnoaxaca.net\/wp-content\/uploads\/2020\/10\/uykk0h-272x182.jpg 272w\" sizes=\"auto, (max-width: 1024px) 100vw, 1024px\" \/><\/figure>\n\n\n\n<p>De las 906 personas privadas de su libertad, 806 fueron trasladadas al Centro Penitenciario Varonil de Tanivet, que representa el 89% de la poblaci\u00f3n penitenciaria; mientras 50 m\u00e1s reclusos, el 5.5%, fueron enviados a instalaciones de Etla y los otros 50, -5.5%- al Centro Penitenciario de Miahuatl\u00e1n de Porfirio D\u00edaz.<\/p>\n\n\n\n<p>El Centro Penitenciario de Santa Mar\u00eda Ixcotel fue abierto como tal hace casi 60 a\u00f1os, en 1961, en un terreno que hab\u00edan servido como caballerizas para la Secretar\u00eda de la Defensa Nacional, ubicado en Santa Mar\u00eda Ixcotel, en Santa Luc\u00eda del Camino, municipio conurbado a la ciudad de Oaxaca.<\/p>\n","protected":false},"excerpt":{"rendered":"<p>Santa Luc\u00eda del Camino, Oax. 26 de octubre de 2020.- Despu\u00e9s de casi 60 a\u00f1os de funcionar como Penitenciar\u00eda en Santa Mar\u00eda Ixcotel, Oaxaca, el penal fue cerrado definitivamente este lunes, y ahora en su lugar, se valora la construcci\u00f3n de una universidad. Durante este lunes, el gobernador Alejandro Murat Hinojosa junto con autoridades de&#8230;<\/p>\n","protected":false},"author":4,"featured_media":5753,"comment_status":"closed","ping_status":"closed","sticky":false,"template":"","format":"standard","meta":{"footnotes":""},"categories":[49],"tags":[],"class_list":["post-5752","post","type-post","status-publish","format-standard","has-post-thumbnail","hentry","category-titulares"],"_links":{"self":[{"href":"https:\/\/fdnoaxaca.net\/index.php\/wp-json\/wp\/v2\/posts\/5752","targetHints":{"allow":["GET"]}}],"collection":[{"href":"https:\/\/fdnoaxaca.net\/index.php\/wp-json\/wp\/v2\/posts"}],"about":[{"href":"https:\/\/fdnoaxaca.net\/index.php\/wp-json\/wp\/v2\/types\/post"}],"author":[{"embeddable":true,"href":"https:\/\/fdnoaxaca.net\/index.php\/wp-json\/wp\/v2\/users\/4"}],"replies":[{"embeddable":true,"href":"https:\/\/fdnoaxaca.net\/index.php\/wp-json\/wp\/v2\/comments?post=5752"}],"version-history":[{"count":1,"href":"https:\/\/fdnoaxaca.net\/index.php\/wp-json\/wp\/v2\/posts\/5752\/revisions"}],"predecessor-version":[{"id":5757,"href":"https:\/\/fdnoaxaca.net\/index.php\/wp-json\/wp\/v2\/posts\/5752\/revisions\/5757"}],"wp:featuredmedia":[{"embeddable":true,"href":"https:\/\/fdnoaxaca.net\/index.php\/wp-json\/wp\/v2\/media\/5753"}],"wp:attachment":[{"href":"https:\/\/fdnoaxaca.net\/index.php\/wp-json\/wp\/v2\/media?parent=5752"}],"wp:term":[{"taxonomy":"category","embeddable":true,"href":"https:\/\/fdnoaxaca.net\/index.php\/wp-json\/wp\/v2\/categories?post=5752"},{"taxonomy":"post_tag","embeddable":true,"href":"https:\/\/fdnoaxaca.net\/index.php\/wp-json\/wp\/v2\/tags?post=5752"}],"curies":[{"name":"wp","href":"https:\/\/api.w.org\/{rel}","templated":true}]}}