{"id":5765,"date":"2020-10-27T15:56:27","date_gmt":"2020-10-27T15:56:27","guid":{"rendered":"https:\/\/fdnoaxaca.net\/?p=5765"},"modified":"2020-10-27T15:56:33","modified_gmt":"2020-10-27T15:56:33","slug":"en-oaxaca-el-82-9-de-pacientes-fallecidos-por-covid-son-mayores-de-50-anos","status":"publish","type":"post","link":"https:\/\/fdnoaxaca.net\/index.php\/2020\/10\/27\/en-oaxaca-el-82-9-de-pacientes-fallecidos-por-covid-son-mayores-de-50-anos\/","title":{"rendered":"En Oaxaca el 82.9% de pacientes fallecidos por Covid son mayores de 50 a\u00f1os"},"content":{"rendered":"\n<p>Oaxaca de Ju\u00e1rez, Oax. 27 de octubre de 2020.- Los Servicios de Salud de Oaxaca (SSO), llaman nuevamente a los oaxaque\u00f1os a priorizar la aplicaci\u00f3n constante de las medidas de prevenci\u00f3n y precauci\u00f3n sanitaria, ante el cambio de color naranja a amarillo en el sem\u00e1foro epidemiol\u00f3gico de la federaci\u00f3n por la emergencia del Covid-19.<\/p>\n\n\n\n<p>El jefe del departamento de Prevenci\u00f3n y Control de Enfermedades Transmitidas por Vector, Jorge Concha Su\u00e1rez, indic\u00f3 que el Covid-19 a\u00fan contin\u00faa activo en el estado, por ello no se debe bajar la guardia; las indicaciones de protecci\u00f3n deben reforzarse, lo que cambiar\u00e1 en esta nueva etapa son los criterios sociales para la apertura de actividades con relaci\u00f3n con el nivel de riesgo y la cantidad de personas permitidas en el espacio p\u00fablico.<\/p>\n\n\n\n<p>El lunes 26 de octubre se registraron 20 casos nuevos en 13 municipios, para un total de 20 mil 587 personas que han contra\u00eddo la infecci\u00f3n viral desde el pasado 14 de marzo.<\/p>\n\n\n\n<p>Oaxaca de Ju\u00e1rez sigue siendo la zona con m\u00e1s contagios, al contabilizar el lunes seis casos, seguido de Salina Cruz con tres y el resto un s\u00f3lo reporte.<\/p>\n\n\n\n<p>El funcionario detall\u00f3 que en las \u00faltimas 24 horas se agreg\u00f3 a las estad\u00edsticas un deceso m\u00e1s, para sumar mil 613 personas que perdieron la vida a causa del coronavirus; siendo la incidencia m\u00e1s alta de mortalidad los adultos mayores de 50 a\u00f1os, con un global de mil 338 fallecimientos, cifra que representa el 82.9% del total de las muertes.<\/p>\n\n\n\n<p>Por distribuci\u00f3n geogr\u00e1fica, Valles Centrales acumul\u00f3 13 mil 740 positivos y 803 muertes; Istmo dos mil 001 y 294 decesos; Tuxtepec mil 822 y 248 p\u00e9rdidas fatales; Mixteca mil 460 y 124 fallecimientos, Costa mil 031 y 90 v\u00edctimas mortales; Sierra 533 y 54 muertes.<\/p>\n\n\n\n<p>Del total de casos reportados, 16 mil 573 han sido ambulatorios y cuatro mil 014 han requerido atenci\u00f3n hospitalaria; para este lunes la red de nosocomios Covid-19, registr\u00f3 34.5% de ocupaci\u00f3n general, 41.5% corresponde a camas de observaci\u00f3n y 21.9% con ventilador.<\/p>\n\n\n\n<p>Hasta el corte epidemiol\u00f3gico de este lunes, se tiene un global de 18 mil 452 pacientes que se han recuperado, ocho mil 943 son negativos, tres mil 317 est\u00e1n como sospechosos y 467 son activos. As\u00ed tambi\u00e9n se tiene el reporte de dos mil 991 trabajadores de salud que han salido positivos a la enfermedad respiratoria.<\/p>\n\n\n\n<p>Concha Su\u00e1rez record\u00f3 a la ciudadan\u00eda que el uso del cubrebocas debe usarse siempre de manera correcta en el espacio p\u00fablico, mantener la sana distancia y lavado de manos con agua y jab\u00f3n de manera frecuente, ello con la finalidad de reducir la probabilidad de contagio y mitigar su impacto, y as\u00ed proteger a toda la poblaci\u00f3n, principalmente a los grupos de riesgo.<\/p>\n\n\n\n<p>En su oportunidad, la psic\u00f3loga del hospital de la Ni\u00f1ez Oaxaque\u00f1a \u201cDoctor Guillermo Z\u00e1rate Mijangos\u201d, Lucero de la Paz Ram\u00edrez Mart\u00ednez, al compartir el tema \u201cPrevenci\u00f3n del suicidio en tiempos de Covid\u201d, explic\u00f3 que por cada suicidio consumado, m\u00e1s de 20 personas lo intentan sin \u00e9xito. <\/p>\n\n\n\n<p>A nivel nacional el suicidio es la segunda causa de muerte en j\u00f3venes entre los 15 y 19 a\u00f1os, lo cual es un dato alarmante, asever\u00f3.<\/p>\n\n\n\n<p>Asimismo, advirti\u00f3 que el encierro, el estr\u00e9s, el distanciamiento f\u00edsico, el aislamiento hospitalario, la preocupaci\u00f3n de infectarse e infectar a otros, la muerte de seres queridos sin poder despedirse adecuadamente de ellos, desempleo, la paralizaci\u00f3n de la actividad econ\u00f3mica que ha generado la pandemia, son algunas de las principales razones entre la poblaci\u00f3n que decide intentar quitarse la vida, en el contexto actual de la pandemia.<\/p>\n\n\n\n<p>Se\u00f1al\u00f3 que en el territorio oaxaque\u00f1o, el Istmo de Tehuantepec y la Costa son las regiones m\u00e1s afectadas de intento de suicidio, principalmente con arma blanca, plaguicidas o ahogamiento, afectando en gran porcentaje a los j\u00f3venes; por lo que convoc\u00f3 a las familias a estar atentas de los cambios de rutina, y al detectar alg\u00fan s\u00edntoma de ansiedad, angustia y depresi\u00f3n, buscar apoyo psicol\u00f3gico en cualquiera de las unidades m\u00e9dicas de los Servicios de Salud.<\/p>\n","protected":false},"excerpt":{"rendered":"<p>Oaxaca de Ju\u00e1rez, Oax. 27 de octubre de 2020.- Los Servicios de Salud de Oaxaca (SSO), llaman nuevamente a los oaxaque\u00f1os a priorizar la aplicaci\u00f3n constante de las medidas de prevenci\u00f3n y precauci\u00f3n sanitaria, ante el cambio de color naranja a amarillo en el sem\u00e1foro epidemiol\u00f3gico de la federaci\u00f3n por la emergencia del Covid-19. El&#8230;<\/p>\n","protected":false},"author":4,"featured_media":4608,"comment_status":"closed","ping_status":"closed","sticky":false,"template":"","format":"standard","meta":{"footnotes":""},"categories":[49],"tags":[],"class_list":["post-5765","post","type-post","status-publish","format-standard","has-post-thumbnail","hentry","category-titulares"],"_links":{"self":[{"href":"https:\/\/fdnoaxaca.net\/index.php\/wp-json\/wp\/v2\/posts\/5765","targetHints":{"allow":["GET"]}}],"collection":[{"href":"https:\/\/fdnoaxaca.net\/index.php\/wp-json\/wp\/v2\/posts"}],"about":[{"href":"https:\/\/fdnoaxaca.net\/index.php\/wp-json\/wp\/v2\/types\/post"}],"author":[{"embeddable":true,"href":"https:\/\/fdnoaxaca.net\/index.php\/wp-json\/wp\/v2\/users\/4"}],"replies":[{"embeddable":true,"href":"https:\/\/fdnoaxaca.net\/index.php\/wp-json\/wp\/v2\/comments?post=5765"}],"version-history":[{"count":1,"href":"https:\/\/fdnoaxaca.net\/index.php\/wp-json\/wp\/v2\/posts\/5765\/revisions"}],"predecessor-version":[{"id":5766,"href":"https:\/\/fdnoaxaca.net\/index.php\/wp-json\/wp\/v2\/posts\/5765\/revisions\/5766"}],"wp:featuredmedia":[{"embeddable":true,"href":"https:\/\/fdnoaxaca.net\/index.php\/wp-json\/wp\/v2\/media\/4608"}],"wp:attachment":[{"href":"https:\/\/fdnoaxaca.net\/index.php\/wp-json\/wp\/v2\/media?parent=5765"}],"wp:term":[{"taxonomy":"category","embeddable":true,"href":"https:\/\/fdnoaxaca.net\/index.php\/wp-json\/wp\/v2\/categories?post=5765"},{"taxonomy":"post_tag","embeddable":true,"href":"https:\/\/fdnoaxaca.net\/index.php\/wp-json\/wp\/v2\/tags?post=5765"}],"curies":[{"name":"wp","href":"https:\/\/api.w.org\/{rel}","templated":true}]}}