{"id":5767,"date":"2020-10-27T16:40:09","date_gmt":"2020-10-27T16:40:09","guid":{"rendered":"https:\/\/fdnoaxaca.net\/?p=5767"},"modified":"2020-10-27T16:40:13","modified_gmt":"2020-10-27T16:40:13","slug":"pretenden-en-oaxaca-reformar-ley-de-cambio-climatico","status":"publish","type":"post","link":"https:\/\/fdnoaxaca.net\/index.php\/2020\/10\/27\/pretenden-en-oaxaca-reformar-ley-de-cambio-climatico\/","title":{"rendered":"Pretenden en Oaxaca reformar ley de cambio clim\u00e1tico"},"content":{"rendered":"\n<p>San Raymundo Jalpan, Oax. 27 de octubre de 2020.- El Poder Legislativo de Oaxaca pretende reformar la ley de cambio clim\u00e1tico en Oaxaca.<\/p>\n\n\n\n<p>La 64 Legislatura local inform\u00f3 que la diputada por Morena, Laura Estrada Mauro, inici\u00f3 una serie de trabajos con la Cooperaci\u00f3n Alemana al Desarrollo Sustentable (GIZ), la cual dar\u00e1 acompa\u00f1amiento t\u00e9cnico.<\/p>\n\n\n\n<p>En un encuentro virtual entre la legisladora y el personal t\u00e9cnico, se establecieron los objetivos de los trabajos con impacto estatal y nacional. El eje principal consiste en realizar una armonizaci\u00f3n de la ley estatal a la legislaci\u00f3n federal en materia de cambio clim\u00e1tico.<\/p>\n\n\n\n<p>De esta manera, dijo, &#8220;se pretende dar atenci\u00f3n a los compromisos de Estado que ha asumido M\u00e9xico respecto a la Agenda 2030&#8221;, particularmente en lo que respecta al punto de acci\u00f3n por el clima en el \u00e1mbito sub nacional.<\/p>\n\n\n\n<p>Esto, por conducto de una estructura de conducci\u00f3n o un comit\u00e9 de trabajo, donde participe el GIZ y el Poder Legislativo, liderado por la congresista, Laura Estrada Mauro, para coadyuvar en la armonizaci\u00f3n de la legislaci\u00f3n en menci\u00f3n.<\/p>\n\n\n\n<p>Pretenden generar tres aspectos principales como lo son: un proceso participativo para la actualizaci\u00f3n del marco jur\u00eddico referido, la implementaci\u00f3n de dicho proceso con expertos de la administraci\u00f3n p\u00fablica, la academia y la ciudadan\u00eda, y la presentaci\u00f3n de la propuesta de reforma de la ley.<\/p>\n\n\n\n<p>En el encuentro virtual, Estrada Mauro reconoci\u00f3 la importancia de trabajar en un tema toral para la entidad oaxaque\u00f1a.<\/p>\n\n\n\n<p>Por su parte, la Cooperaci\u00f3n Alemana inform\u00f3 que el estado de Oaxaca es considerado como el primer estado, en t\u00e9rminos de vulnerabilidad, de fen\u00f3menos meteorol\u00f3gicos, frente al cambio clim\u00e1tico. Por ello la relevancia de hablar de la actualizaci\u00f3n de la ley estatal de cambio clim\u00e1tico.<\/p>\n","protected":false},"excerpt":{"rendered":"<p>San Raymundo Jalpan, Oax. 27 de octubre de 2020.- El Poder Legislativo de Oaxaca pretende reformar la ley de cambio clim\u00e1tico en Oaxaca. La 64 Legislatura local inform\u00f3 que la diputada por Morena, Laura Estrada Mauro, inici\u00f3 una serie de trabajos con la Cooperaci\u00f3n Alemana al Desarrollo Sustentable (GIZ), la cual dar\u00e1 acompa\u00f1amiento t\u00e9cnico. En&#8230;<\/p>\n","protected":false},"author":4,"featured_media":5768,"comment_status":"closed","ping_status":"closed","sticky":false,"template":"","format":"standard","meta":{"footnotes":""},"categories":[49],"tags":[],"class_list":["post-5767","post","type-post","status-publish","format-standard","has-post-thumbnail","hentry","category-titulares"],"_links":{"self":[{"href":"https:\/\/fdnoaxaca.net\/index.php\/wp-json\/wp\/v2\/posts\/5767","targetHints":{"allow":["GET"]}}],"collection":[{"href":"https:\/\/fdnoaxaca.net\/index.php\/wp-json\/wp\/v2\/posts"}],"about":[{"href":"https:\/\/fdnoaxaca.net\/index.php\/wp-json\/wp\/v2\/types\/post"}],"author":[{"embeddable":true,"href":"https:\/\/fdnoaxaca.net\/index.php\/wp-json\/wp\/v2\/users\/4"}],"replies":[{"embeddable":true,"href":"https:\/\/fdnoaxaca.net\/index.php\/wp-json\/wp\/v2\/comments?post=5767"}],"version-history":[{"count":1,"href":"https:\/\/fdnoaxaca.net\/index.php\/wp-json\/wp\/v2\/posts\/5767\/revisions"}],"predecessor-version":[{"id":5769,"href":"https:\/\/fdnoaxaca.net\/index.php\/wp-json\/wp\/v2\/posts\/5767\/revisions\/5769"}],"wp:featuredmedia":[{"embeddable":true,"href":"https:\/\/fdnoaxaca.net\/index.php\/wp-json\/wp\/v2\/media\/5768"}],"wp:attachment":[{"href":"https:\/\/fdnoaxaca.net\/index.php\/wp-json\/wp\/v2\/media?parent=5767"}],"wp:term":[{"taxonomy":"category","embeddable":true,"href":"https:\/\/fdnoaxaca.net\/index.php\/wp-json\/wp\/v2\/categories?post=5767"},{"taxonomy":"post_tag","embeddable":true,"href":"https:\/\/fdnoaxaca.net\/index.php\/wp-json\/wp\/v2\/tags?post=5767"}],"curies":[{"name":"wp","href":"https:\/\/api.w.org\/{rel}","templated":true}]}}