{"id":5780,"date":"2020-10-28T21:14:13","date_gmt":"2020-10-28T21:14:13","guid":{"rendered":"https:\/\/fdnoaxaca.net\/?p=5780"},"modified":"2020-10-28T21:14:16","modified_gmt":"2020-10-28T21:14:16","slug":"buscas-empleo-en-oaxaca-ofertan-830-vacantes","status":"publish","type":"post","link":"https:\/\/fdnoaxaca.net\/index.php\/2020\/10\/28\/buscas-empleo-en-oaxaca-ofertan-830-vacantes\/","title":{"rendered":"\u00bfBuscas empleo?, en Oaxaca ofertan 830 vacantes"},"content":{"rendered":"\n<p>Oaxaca de Ju\u00e1rez, Oax. 28 de octubre de 2020.- La Coordinaci\u00f3n del Servicio Nacional de Empleo en Oaxaca (CSNEO), inaugur\u00f3 este mi\u00e9rcoles de manera simult\u00e1nea la &#8220;Feria Nacional de Empleo Virtual de Apoyo a la Reactivaci\u00f3n Econ\u00f3mica 2020&#8221;, en Oaxaca.<\/p>\n\n\n\n<p>La feria es para las regiones de los Valles Centrales, Istmo de Tehuantepec, Cuenca del Papaloapan, Costa y la Mixteca, donde se ofertar\u00e1n 830 vacantes.<\/p>\n\n\n\n<p>En ese sentido, la titular de la CSNEO, Leslie Jim\u00e9nez Valencia, inform\u00f3 que, del 27 al 29 de octubre a alrededor de 54 empresas locales y nacionales del sector privado, brindar\u00e1n espacios para m\u00e1s de 600 buscadores de empleo con perfil operativo, t\u00e9cnico y profesionista.<\/p>\n\n\n\n<figure class=\"wp-block-image\"><img loading=\"lazy\" decoding=\"async\" width=\"1024\" height=\"1024\" src=\"https:\/\/fdnoaxaca.net\/wp-content\/uploads\/2020\/10\/IMG-20201028-WA0131-1024x1024.jpg\" alt=\"\" class=\"wp-image-5782\" srcset=\"https:\/\/fdnoaxaca.net\/wp-content\/uploads\/2020\/10\/IMG-20201028-WA0131-1024x1024.jpg 1024w, https:\/\/fdnoaxaca.net\/wp-content\/uploads\/2020\/10\/IMG-20201028-WA0131-150x150.jpg 150w, https:\/\/fdnoaxaca.net\/wp-content\/uploads\/2020\/10\/IMG-20201028-WA0131-300x300.jpg 300w, https:\/\/fdnoaxaca.net\/wp-content\/uploads\/2020\/10\/IMG-20201028-WA0131-768x768.jpg 768w, https:\/\/fdnoaxaca.net\/wp-content\/uploads\/2020\/10\/IMG-20201028-WA0131.jpg 1080w\" sizes=\"auto, (max-width: 1024px) 100vw, 1024px\" \/><\/figure>\n\n\n\n<p>Expres\u00f3 que las Ferias de Empleo son resultado del trabajo que emprende el organismo a su cargo con empresas de la iniciativa privada, para que de manera organizada y eficiente las personas que desean incorporarse al mercado laboral encuentren oportunidades de trabajo de acuerdo con su perfil y aspiraciones econ\u00f3micas.<\/p>\n\n\n\n<p>De igual manera, Jim\u00e9nez Valencia mencion\u00f3 que durante este ejercicio se ofertar\u00e1n en todo el estado, plazas federales con la vacante de Oficial en Prevenci\u00f3n Penitenciaria y Polic\u00eda del Servicio de Protecci\u00f3n Federal.<\/p>\n\n\n\n<p>Los interesados podr\u00e1n registrarse de manera pr\u00e1ctica y sencilla, a trav\u00e9s de la plataforma https:\/\/ferias.empleo.gob.mx que muestra el instructivo para postularse con las empresas participantes.<\/p>\n","protected":false},"excerpt":{"rendered":"<p>Oaxaca de Ju\u00e1rez, Oax. 28 de octubre de 2020.- La Coordinaci\u00f3n del Servicio Nacional de Empleo en Oaxaca (CSNEO), inaugur\u00f3 este mi\u00e9rcoles de manera simult\u00e1nea la &#8220;Feria Nacional de Empleo Virtual de Apoyo a la Reactivaci\u00f3n Econ\u00f3mica 2020&#8221;, en Oaxaca. La feria es para las regiones de los Valles Centrales, Istmo de Tehuantepec, Cuenca del&#8230;<\/p>\n","protected":false},"author":4,"featured_media":5781,"comment_status":"closed","ping_status":"closed","sticky":false,"template":"","format":"standard","meta":{"footnotes":""},"categories":[4],"tags":[],"class_list":["post-5780","post","type-post","status-publish","format-standard","has-post-thumbnail","hentry","category-general"],"_links":{"self":[{"href":"https:\/\/fdnoaxaca.net\/index.php\/wp-json\/wp\/v2\/posts\/5780","targetHints":{"allow":["GET"]}}],"collection":[{"href":"https:\/\/fdnoaxaca.net\/index.php\/wp-json\/wp\/v2\/posts"}],"about":[{"href":"https:\/\/fdnoaxaca.net\/index.php\/wp-json\/wp\/v2\/types\/post"}],"author":[{"embeddable":true,"href":"https:\/\/fdnoaxaca.net\/index.php\/wp-json\/wp\/v2\/users\/4"}],"replies":[{"embeddable":true,"href":"https:\/\/fdnoaxaca.net\/index.php\/wp-json\/wp\/v2\/comments?post=5780"}],"version-history":[{"count":1,"href":"https:\/\/fdnoaxaca.net\/index.php\/wp-json\/wp\/v2\/posts\/5780\/revisions"}],"predecessor-version":[{"id":5783,"href":"https:\/\/fdnoaxaca.net\/index.php\/wp-json\/wp\/v2\/posts\/5780\/revisions\/5783"}],"wp:featuredmedia":[{"embeddable":true,"href":"https:\/\/fdnoaxaca.net\/index.php\/wp-json\/wp\/v2\/media\/5781"}],"wp:attachment":[{"href":"https:\/\/fdnoaxaca.net\/index.php\/wp-json\/wp\/v2\/media?parent=5780"}],"wp:term":[{"taxonomy":"category","embeddable":true,"href":"https:\/\/fdnoaxaca.net\/index.php\/wp-json\/wp\/v2\/categories?post=5780"},{"taxonomy":"post_tag","embeddable":true,"href":"https:\/\/fdnoaxaca.net\/index.php\/wp-json\/wp\/v2\/tags?post=5780"}],"curies":[{"name":"wp","href":"https:\/\/api.w.org\/{rel}","templated":true}]}}