{"id":5833,"date":"2020-11-04T06:23:05","date_gmt":"2020-11-04T06:23:05","guid":{"rendered":"https:\/\/fdnoaxaca.net\/?p=5833"},"modified":"2020-11-04T06:23:09","modified_gmt":"2020-11-04T06:23:09","slug":"balean-a-personal-de-la-secretaria-de-seguridad-de-oaxaca-en-guerrero","status":"publish","type":"post","link":"https:\/\/fdnoaxaca.net\/index.php\/2020\/11\/04\/balean-a-personal-de-la-secretaria-de-seguridad-de-oaxaca-en-guerrero\/","title":{"rendered":"Balean a personal de la Secretar\u00eda de Seguridad de Oaxaca en Guerrero"},"content":{"rendered":"\n<p>Oaxaca de Ju\u00e1rez, Oax. 4 de noviembre de 2020.- Personal de la Secretar\u00eda de Seguridad P\u00fablica de Oaxaca fue atacado a balazos en el estado de Guerrero por parte de autodenominados polic\u00edas comunitarios.<\/p>\n\n\n\n<p>El ataque armado ocurri\u00f3 la tarde del martes en la carretera federal Acapulco-M\u00e9xico, a la altura del poblado de Mazatl\u00e1n, del municipio de Chilpancingo, inform\u00f3 el gobierno del estado de Guerrero.<\/p>\n\n\n\n<p>Detall\u00f3 que la presencia del personal de seguridad de Oaxaca se deb\u00eda a que los secretarios de seguridad de ambos estados sostendr\u00edan una reuni\u00f3n bilateral.<\/p>\n\n\n\n<p>Por su parte, el gobierno de Oaxaca confirm\u00f3 la agresi\u00f3n contra el personal de la Secretar\u00eda de Seguridad P\u00fablica. Sin embargo, a\u00fan no se precisa el n\u00famero de personas lesionadas y tampoco si entre los heridos est\u00e1 el secretario Ernesto Salcedo Rosales.<\/p>\n\n\n\n<p>Inform\u00f3 que el personal se encuentra recibiendo atenci\u00f3n m\u00e9dica.<\/p>\n\n\n\n<p>&#8220;Dicho personal se trasladaba a una reuni\u00f3n de trabajo que realizaba el titular de la SSPO, Ernesto Salcedo Rosales con su hom\u00f3logo del estado de Guerrero, David Portillo Menchaca, con el objetivo de estrechar lazos de colaboraci\u00f3n y coordinaci\u00f3n para materializar estrategias de seguridad en ambas entidades federativas&#8221;, refiere el comunicado del gobierno de Oaxaca. <\/p>\n\n\n\n<p>En tanto, la zona fue resguardada por la Polic\u00eda y Fiscal\u00eda de Guerrero, as\u00ed como por elementos de la Guardia Nacional y el Ej\u00e9rcito Mexicano.<\/p>\n","protected":false},"excerpt":{"rendered":"<p>Oaxaca de Ju\u00e1rez, Oax. 4 de noviembre de 2020.- Personal de la Secretar\u00eda de Seguridad P\u00fablica de Oaxaca fue atacado a balazos en el estado de Guerrero por parte de autodenominados polic\u00edas comunitarios. El ataque armado ocurri\u00f3 la tarde del martes en la carretera federal Acapulco-M\u00e9xico, a la altura del poblado de Mazatl\u00e1n, del municipio&#8230;<\/p>\n","protected":false},"author":4,"featured_media":5834,"comment_status":"closed","ping_status":"closed","sticky":false,"template":"","format":"standard","meta":{"footnotes":""},"categories":[49],"tags":[],"class_list":["post-5833","post","type-post","status-publish","format-standard","has-post-thumbnail","hentry","category-titulares"],"_links":{"self":[{"href":"https:\/\/fdnoaxaca.net\/index.php\/wp-json\/wp\/v2\/posts\/5833","targetHints":{"allow":["GET"]}}],"collection":[{"href":"https:\/\/fdnoaxaca.net\/index.php\/wp-json\/wp\/v2\/posts"}],"about":[{"href":"https:\/\/fdnoaxaca.net\/index.php\/wp-json\/wp\/v2\/types\/post"}],"author":[{"embeddable":true,"href":"https:\/\/fdnoaxaca.net\/index.php\/wp-json\/wp\/v2\/users\/4"}],"replies":[{"embeddable":true,"href":"https:\/\/fdnoaxaca.net\/index.php\/wp-json\/wp\/v2\/comments?post=5833"}],"version-history":[{"count":1,"href":"https:\/\/fdnoaxaca.net\/index.php\/wp-json\/wp\/v2\/posts\/5833\/revisions"}],"predecessor-version":[{"id":5835,"href":"https:\/\/fdnoaxaca.net\/index.php\/wp-json\/wp\/v2\/posts\/5833\/revisions\/5835"}],"wp:featuredmedia":[{"embeddable":true,"href":"https:\/\/fdnoaxaca.net\/index.php\/wp-json\/wp\/v2\/media\/5834"}],"wp:attachment":[{"href":"https:\/\/fdnoaxaca.net\/index.php\/wp-json\/wp\/v2\/media?parent=5833"}],"wp:term":[{"taxonomy":"category","embeddable":true,"href":"https:\/\/fdnoaxaca.net\/index.php\/wp-json\/wp\/v2\/categories?post=5833"},{"taxonomy":"post_tag","embeddable":true,"href":"https:\/\/fdnoaxaca.net\/index.php\/wp-json\/wp\/v2\/tags?post=5833"}],"curies":[{"name":"wp","href":"https:\/\/api.w.org\/{rel}","templated":true}]}}