{"id":5938,"date":"2020-11-13T06:30:38","date_gmt":"2020-11-13T06:30:38","guid":{"rendered":"https:\/\/fdnoaxaca.net\/?p=5938"},"modified":"2020-11-13T06:30:50","modified_gmt":"2020-11-13T06:30:50","slug":"una-esperanza-para-volver-a-caminar","status":"publish","type":"post","link":"https:\/\/fdnoaxaca.net\/index.php\/2020\/11\/13\/una-esperanza-para-volver-a-caminar\/","title":{"rendered":"Una esperanza para volver a caminar"},"content":{"rendered":"\n<p>Oaxaca de Ju\u00e1rez, Oax. 12 de noviembre de 2020.- Sandy, jam\u00e1s imagin\u00f3 que la diabetes la llevar\u00eda a perder una de sus piernas. A sus 45 a\u00f1os, enfrent\u00f3 la amputaci\u00f3n de su extremidad izquierda.<\/p>\n\n\n\n<p>El 27 de enero de 2020, su vida cambi\u00f3 a causa de la gangrena; ese d\u00eda perdi\u00f3 una pierna.<\/p>\n\n\n\n<p>&#8220;Era llorar y estar en depresi\u00f3n y m\u00e1s porque yo no cuento con el apoyo de la familia, solo mi hermana es la que me ayuda&#8221;, narra. <\/p>\n\n\n\n<p>Pas\u00f3 10 meses en esta condici\u00f3n, hasta que el 31 de octubre volvi\u00f3 a tener una esperanza para volver a caminar. Ese d\u00eda, recibi\u00f3 su pr\u00f3tesis, donada por la ortopedia Groveg, que dirige el especialista en ortopedia Jos\u00e9 Carlos Vega en Quer\u00e9taro.<\/p>\n\n\n\n<figure class=\"wp-block-image\"><img loading=\"lazy\" decoding=\"async\" width=\"810\" height=\"1024\" src=\"https:\/\/fdnoaxaca.net\/wp-content\/uploads\/2020\/11\/PicsArt_11-13-01.37.24-810x1024.jpg\" alt=\"\" class=\"wp-image-5939\" srcset=\"https:\/\/fdnoaxaca.net\/wp-content\/uploads\/2020\/11\/PicsArt_11-13-01.37.24-810x1024.jpg 810w, https:\/\/fdnoaxaca.net\/wp-content\/uploads\/2020\/11\/PicsArt_11-13-01.37.24-237x300.jpg 237w, https:\/\/fdnoaxaca.net\/wp-content\/uploads\/2020\/11\/PicsArt_11-13-01.37.24-768x972.jpg 768w, https:\/\/fdnoaxaca.net\/wp-content\/uploads\/2020\/11\/PicsArt_11-13-01.37.24.jpg 1536w\" sizes=\"auto, (max-width: 810px) 100vw, 810px\" \/><\/figure>\n\n\n\n<p>Sandy, es la primera beneficiaria de la campa\u00f1a de donaci\u00f3n de pr\u00f3tesis que impulsa Jos\u00e9 en el pa\u00eds mexicano, y que en esta primera ocasi\u00f3n fue en Guadalajara.<\/p>\n\n\n\n<p>&#8220;Al tener mi pierna me sent\u00ed feliz y emocionada, voy a poder caminar, volver a trabajar y hacer mi vida normal&#8221;, expresa Sandy, quien desde hace dos semanas empez\u00f3 nuevamente a caminar.<\/p>\n\n\n\n<figure class=\"wp-block-image\"><img loading=\"lazy\" decoding=\"async\" width=\"1024\" height=\"835\" src=\"https:\/\/fdnoaxaca.net\/wp-content\/uploads\/2020\/11\/PicsArt_11-13-01.41.30-1-1024x835.jpg\" alt=\"\" class=\"wp-image-5940\" srcset=\"https:\/\/fdnoaxaca.net\/wp-content\/uploads\/2020\/11\/PicsArt_11-13-01.41.30-1-1024x835.jpg 1024w, https:\/\/fdnoaxaca.net\/wp-content\/uploads\/2020\/11\/PicsArt_11-13-01.41.30-1-300x245.jpg 300w, https:\/\/fdnoaxaca.net\/wp-content\/uploads\/2020\/11\/PicsArt_11-13-01.41.30-1-768x627.jpg 768w, https:\/\/fdnoaxaca.net\/wp-content\/uploads\/2020\/11\/PicsArt_11-13-01.41.30-1.jpg 1536w\" sizes=\"auto, (max-width: 1024px) 100vw, 1024px\" \/><\/figure>\n\n\n\n<p>Ahora, la segunda pr\u00f3tesis ser\u00e1 donada en Oaxaca, para ello, en diciembre comenzar\u00e1 la convocatoria para los interesados, platica Jos\u00e9 Vega.<\/p>\n\n\n\n<p>Hace siete a\u00f1os comenz\u00f3 con su proyecto de ortopedia cuando ingres\u00f3 a laborar en el hospital \u00c1ngeles en Quer\u00e9taro, donde all\u00ed mientras reparaba el equipo m\u00e9dico, surgi\u00f3 en \u00e9l el anhelo de fabricar pr\u00f3tesis. <\/p>\n\n\n\n<p>Desde entonces, cuenta, se dedica a la creaci\u00f3n de pr\u00f3tesis ortop\u00e9dica, donde incluso, ha experimentado con diversos materiales y hasta ha fabricado ecol\u00f3gicas con materiales de bamb\u00fa y fibra de carbono, para brindar una nueva oportunidad a quienes han perdido una de sus extremidades.<\/p>\n\n\n\n<figure class=\"wp-block-image\"><img loading=\"lazy\" decoding=\"async\" width=\"768\" height=\"1024\" src=\"https:\/\/fdnoaxaca.net\/wp-content\/uploads\/2020\/11\/received_404248203934314-768x1024.jpeg\" alt=\"\" class=\"wp-image-5941\" srcset=\"https:\/\/fdnoaxaca.net\/wp-content\/uploads\/2020\/11\/received_404248203934314-768x1024.jpeg 768w, https:\/\/fdnoaxaca.net\/wp-content\/uploads\/2020\/11\/received_404248203934314-225x300.jpeg 225w, https:\/\/fdnoaxaca.net\/wp-content\/uploads\/2020\/11\/received_404248203934314-600x800.jpeg 600w, https:\/\/fdnoaxaca.net\/wp-content\/uploads\/2020\/11\/received_404248203934314.jpeg 1536w\" sizes=\"auto, (max-width: 768px) 100vw, 768px\" \/><\/figure>\n\n\n\n<p>Su inter\u00e9s, asegura, es ahora dirigirse a las personas del sureste del pa\u00eds, y para ello prev\u00e9 en diciembre abrir otro taller en el pa\u00eds, pero en esta ocasi\u00f3n en Santa Cruz Xoxocotl\u00e1n, municipio conurbado a la capital de Oaxaca.<\/p>\n\n\n\n<p>&#8220;El objetivo es poder ayudar a las personas que menos tienen, y hacer posible lo imposible y m\u00e1s que ortopedia, hacer ingenier\u00eda&#8221;, platica.<\/p>\n\n\n\n<p>Para Oaxaca proyecta la donaci\u00f3n de una pr\u00f3tesis en el a\u00f1o 2021; los interesados podr\u00e1n contactarse a trav\u00e9s de la p\u00e1gina de Facebook: Ortopedia Groveg.<\/p>\n","protected":false},"excerpt":{"rendered":"<p>Oaxaca de Ju\u00e1rez, Oax. 12 de noviembre de 2020.- Sandy, jam\u00e1s imagin\u00f3 que la diabetes la llevar\u00eda a perder una de sus piernas. A sus 45 a\u00f1os, enfrent\u00f3 la amputaci\u00f3n de su extremidad izquierda. El 27 de enero de 2020, su vida cambi\u00f3 a causa de la gangrena; ese d\u00eda perdi\u00f3 una pierna. &#8220;Era llorar&#8230;<\/p>\n","protected":false},"author":4,"featured_media":5942,"comment_status":"closed","ping_status":"closed","sticky":false,"template":"","format":"standard","meta":{"footnotes":""},"categories":[49],"tags":[],"class_list":["post-5938","post","type-post","status-publish","format-standard","has-post-thumbnail","hentry","category-titulares"],"_links":{"self":[{"href":"https:\/\/fdnoaxaca.net\/index.php\/wp-json\/wp\/v2\/posts\/5938","targetHints":{"allow":["GET"]}}],"collection":[{"href":"https:\/\/fdnoaxaca.net\/index.php\/wp-json\/wp\/v2\/posts"}],"about":[{"href":"https:\/\/fdnoaxaca.net\/index.php\/wp-json\/wp\/v2\/types\/post"}],"author":[{"embeddable":true,"href":"https:\/\/fdnoaxaca.net\/index.php\/wp-json\/wp\/v2\/users\/4"}],"replies":[{"embeddable":true,"href":"https:\/\/fdnoaxaca.net\/index.php\/wp-json\/wp\/v2\/comments?post=5938"}],"version-history":[{"count":1,"href":"https:\/\/fdnoaxaca.net\/index.php\/wp-json\/wp\/v2\/posts\/5938\/revisions"}],"predecessor-version":[{"id":5943,"href":"https:\/\/fdnoaxaca.net\/index.php\/wp-json\/wp\/v2\/posts\/5938\/revisions\/5943"}],"wp:featuredmedia":[{"embeddable":true,"href":"https:\/\/fdnoaxaca.net\/index.php\/wp-json\/wp\/v2\/media\/5942"}],"wp:attachment":[{"href":"https:\/\/fdnoaxaca.net\/index.php\/wp-json\/wp\/v2\/media?parent=5938"}],"wp:term":[{"taxonomy":"category","embeddable":true,"href":"https:\/\/fdnoaxaca.net\/index.php\/wp-json\/wp\/v2\/categories?post=5938"},{"taxonomy":"post_tag","embeddable":true,"href":"https:\/\/fdnoaxaca.net\/index.php\/wp-json\/wp\/v2\/tags?post=5938"}],"curies":[{"name":"wp","href":"https:\/\/api.w.org\/{rel}","templated":true}]}}