{"id":6059,"date":"2020-11-24T21:35:34","date_gmt":"2020-11-24T21:35:34","guid":{"rendered":"https:\/\/fdnoaxaca.net\/?p=6059"},"modified":"2020-11-24T21:35:37","modified_gmt":"2020-11-24T21:35:37","slug":"disciplina-de-poblacion-definira-cambio-a-semaforo-verde-o-naranja-en-oaxaca-murat","status":"publish","type":"post","link":"https:\/\/fdnoaxaca.net\/index.php\/2020\/11\/24\/disciplina-de-poblacion-definira-cambio-a-semaforo-verde-o-naranja-en-oaxaca-murat\/","title":{"rendered":"Disciplina de poblaci\u00f3n definir\u00e1 cambio a sem\u00e1foro verde o naranja en Oaxaca: Murat"},"content":{"rendered":"\n<p>Oaxaca de Ju\u00e1rez, Oax. 24 de noviembre de 2020.- A nueve meses de la emergencia sanitaria derivada del Covid-19, en Oaxaca la disciplina de los habitantes definir\u00e1 el cambio de color amarillo a verde o a naranja del sem\u00e1foro epidemiol\u00f3gico, se\u00f1al\u00f3 el gobernador Alejandro Murat Hinojosa.<\/p>\n\n\n\n<p>Al t\u00e9rmino de un recorrido por Santa Cruz Xoxocotl\u00e1n, municipio conurbado a la capital de Oaxaca, Murat Hinojosa declar\u00f3 que la actitud de la poblaci\u00f3n es quien determina los ajustes en el sem\u00e1foro de riesgo.<\/p>\n\n\n\n<p>&#8220;El sem\u00e1foro depende de la sociedad, si nosotros seguimos siendo disciplinados seguramente vamos a poder ir a sem\u00e1foro verde, si somos poco disciplinados, lo quiero dejar en claro, y bajamos la guardia, lo m\u00e1s probable es que regresemos a sem\u00e1foro naranja&#8221;, se\u00f1al\u00f3.<\/p>\n\n\n\n<p>Consider\u00f3 que para enfrentar la emergencia, al gobierno le corresponde \u00fanicamente informar y garantizar el acceso a los hospitales, mientras el resto a la poblaci\u00f3n.<\/p>\n\n\n\n<p>Oaxaca actualmente se encuentra en color amarillo del sem\u00e1foro epidemiol\u00f3gico y a la fecha ha acumulado 23 mil 624 casos de contagio.<\/p>\n\n\n\n<p>Al corte del 23 de noviembre, el estado registra 23 mil 624 casos de Covid-19, de los cuales mil 856 personas han muerto y 21 mil 265 se han recuperado, de acuerdo con los Servicios de Salud de Oaxaca.<\/p>\n","protected":false},"excerpt":{"rendered":"<p>Oaxaca de Ju\u00e1rez, Oax. 24 de noviembre de 2020.- A nueve meses de la emergencia sanitaria derivada del Covid-19, en Oaxaca la disciplina de los habitantes definir\u00e1 el cambio de color amarillo a verde o a naranja del sem\u00e1foro epidemiol\u00f3gico, se\u00f1al\u00f3 el gobernador Alejandro Murat Hinojosa. Al t\u00e9rmino de un recorrido por Santa Cruz Xoxocotl\u00e1n,&#8230;<\/p>\n","protected":false},"author":4,"featured_media":6060,"comment_status":"closed","ping_status":"closed","sticky":false,"template":"","format":"standard","meta":{"footnotes":""},"categories":[49],"tags":[],"class_list":["post-6059","post","type-post","status-publish","format-standard","has-post-thumbnail","hentry","category-titulares"],"_links":{"self":[{"href":"https:\/\/fdnoaxaca.net\/index.php\/wp-json\/wp\/v2\/posts\/6059","targetHints":{"allow":["GET"]}}],"collection":[{"href":"https:\/\/fdnoaxaca.net\/index.php\/wp-json\/wp\/v2\/posts"}],"about":[{"href":"https:\/\/fdnoaxaca.net\/index.php\/wp-json\/wp\/v2\/types\/post"}],"author":[{"embeddable":true,"href":"https:\/\/fdnoaxaca.net\/index.php\/wp-json\/wp\/v2\/users\/4"}],"replies":[{"embeddable":true,"href":"https:\/\/fdnoaxaca.net\/index.php\/wp-json\/wp\/v2\/comments?post=6059"}],"version-history":[{"count":1,"href":"https:\/\/fdnoaxaca.net\/index.php\/wp-json\/wp\/v2\/posts\/6059\/revisions"}],"predecessor-version":[{"id":6061,"href":"https:\/\/fdnoaxaca.net\/index.php\/wp-json\/wp\/v2\/posts\/6059\/revisions\/6061"}],"wp:featuredmedia":[{"embeddable":true,"href":"https:\/\/fdnoaxaca.net\/index.php\/wp-json\/wp\/v2\/media\/6060"}],"wp:attachment":[{"href":"https:\/\/fdnoaxaca.net\/index.php\/wp-json\/wp\/v2\/media?parent=6059"}],"wp:term":[{"taxonomy":"category","embeddable":true,"href":"https:\/\/fdnoaxaca.net\/index.php\/wp-json\/wp\/v2\/categories?post=6059"},{"taxonomy":"post_tag","embeddable":true,"href":"https:\/\/fdnoaxaca.net\/index.php\/wp-json\/wp\/v2\/tags?post=6059"}],"curies":[{"name":"wp","href":"https:\/\/api.w.org\/{rel}","templated":true}]}}