{"id":6160,"date":"2020-12-02T23:39:21","date_gmt":"2020-12-02T23:39:21","guid":{"rendered":"https:\/\/fdnoaxaca.net\/?p=6160"},"modified":"2020-12-02T23:39:25","modified_gmt":"2020-12-02T23:39:25","slug":"muere-bebe-presuntamente-por-covid-19-padres-desmienten-y-acusan-negligencia","status":"publish","type":"post","link":"https:\/\/fdnoaxaca.net\/index.php\/2020\/12\/02\/muere-bebe-presuntamente-por-covid-19-padres-desmienten-y-acusan-negligencia\/","title":{"rendered":"Muere beb\u00e9 presuntamente por Covid-19; padres desmienten y acusan negligencia"},"content":{"rendered":"\n<p>Oaxaca de Ju\u00e1rez, Oax. 2 de diciembre de 2020.- Carla Susana Guti\u00e9rrez y Luis Ram\u00edrez, padres de un beb\u00e9 fallecido este mi\u00e9rcoles presuntamente por Covid-19 en Oaxaca, desmintieron esta causa de muerte y acusaron de negligencia m\u00e9dica al Instituto Mexicano del Seguro Social (IMSS).<\/p>\n\n\n\n<p>El beb\u00e9 naci\u00f3 el 1 de noviembre de este a\u00f1o en el hospital del IMSS, en la ciudad de Oaxaca, pero debido a un problema esof\u00e1gico, qued\u00f3 hospitalizado. Despu\u00e9s, de acuerdo con los padres, fue trasladado al \u00e1rea Covid-19, presuntamente sin que se confirmara el contagio.<\/p>\n\n\n\n<p>&#8220;Lo \u00fanico que ped\u00edamos era que se respetara por ser un beb\u00e9, que no lo cambiaran de \u00e1rea, porque quer\u00eda cerciorarme si era verdad o no su prueba que ellos nos hab\u00edan mostrado&#8221;, relat\u00f3 la madre.<\/p>\n\n\n\n<p>Ante el cambio del beb\u00e9 al \u00e1rea Covid-19, los padres, narran, decidieron solicitar a un laboratorio privado la aplicaci\u00f3n de la prueba a su hijo y a ellos, la cual arroj\u00f3 un resultado negativo a esta enfermedad.<\/p>\n\n\n\n<p>Los resultados de la prueba fueron entregados este mi\u00e9rcoles, y los cuales dieron presuntamente negativo a Covid-19. Este mismo d\u00eda el beb\u00e9 falleci\u00f3 a las cinco de la ma\u00f1ana, y de acuerdo con el acta de defunci\u00f3n la causa fue por Covid-19.<\/p>\n\n\n\n<p>Sin embargo, Susana Guti\u00e9rrez y Luis Ram\u00edrez desmintieron que se trate de esta causa de muerte y acusaron de negligencia m\u00e9dica al IMSS.<\/p>\n\n\n\n<p>&#8220;Esto fue una negligencia y lo quieren tapar diciendo que fue Covid, queremos justicia&#8221;, expresaron.<\/p>\n\n\n\n<p>En Oaxaca, hasta el corte del 1 de diciembre, hab\u00eda 24 mil 518 casos acumulados de Covid-19, de los cuales mil 934 pacientes han fallecido y 22 mil 39 se han recuperado.<\/p>\n","protected":false},"excerpt":{"rendered":"<p>Oaxaca de Ju\u00e1rez, Oax. 2 de diciembre de 2020.- Carla Susana Guti\u00e9rrez y Luis Ram\u00edrez, padres de un beb\u00e9 fallecido este mi\u00e9rcoles presuntamente por Covid-19 en Oaxaca, desmintieron esta causa de muerte y acusaron de negligencia m\u00e9dica al Instituto Mexicano del Seguro Social (IMSS). El beb\u00e9 naci\u00f3 el 1 de noviembre de este a\u00f1o en&#8230;<\/p>\n","protected":false},"author":4,"featured_media":6161,"comment_status":"closed","ping_status":"closed","sticky":false,"template":"","format":"standard","meta":{"footnotes":""},"categories":[49],"tags":[],"class_list":["post-6160","post","type-post","status-publish","format-standard","has-post-thumbnail","hentry","category-titulares"],"_links":{"self":[{"href":"https:\/\/fdnoaxaca.net\/index.php\/wp-json\/wp\/v2\/posts\/6160","targetHints":{"allow":["GET"]}}],"collection":[{"href":"https:\/\/fdnoaxaca.net\/index.php\/wp-json\/wp\/v2\/posts"}],"about":[{"href":"https:\/\/fdnoaxaca.net\/index.php\/wp-json\/wp\/v2\/types\/post"}],"author":[{"embeddable":true,"href":"https:\/\/fdnoaxaca.net\/index.php\/wp-json\/wp\/v2\/users\/4"}],"replies":[{"embeddable":true,"href":"https:\/\/fdnoaxaca.net\/index.php\/wp-json\/wp\/v2\/comments?post=6160"}],"version-history":[{"count":1,"href":"https:\/\/fdnoaxaca.net\/index.php\/wp-json\/wp\/v2\/posts\/6160\/revisions"}],"predecessor-version":[{"id":6164,"href":"https:\/\/fdnoaxaca.net\/index.php\/wp-json\/wp\/v2\/posts\/6160\/revisions\/6164"}],"wp:featuredmedia":[{"embeddable":true,"href":"https:\/\/fdnoaxaca.net\/index.php\/wp-json\/wp\/v2\/media\/6161"}],"wp:attachment":[{"href":"https:\/\/fdnoaxaca.net\/index.php\/wp-json\/wp\/v2\/media?parent=6160"}],"wp:term":[{"taxonomy":"category","embeddable":true,"href":"https:\/\/fdnoaxaca.net\/index.php\/wp-json\/wp\/v2\/categories?post=6160"},{"taxonomy":"post_tag","embeddable":true,"href":"https:\/\/fdnoaxaca.net\/index.php\/wp-json\/wp\/v2\/tags?post=6160"}],"curies":[{"name":"wp","href":"https:\/\/api.w.org\/{rel}","templated":true}]}}