{"id":6314,"date":"2020-12-18T01:02:14","date_gmt":"2020-12-18T01:02:14","guid":{"rendered":"https:\/\/fdnoaxaca.net\/?p=6314"},"modified":"2020-12-18T01:02:32","modified_gmt":"2020-12-18T01:02:32","slug":"detienen-a-pareja-acusada-de-abusar-sexualmente-a-una-adolescente-en-oaxaca","status":"publish","type":"post","link":"https:\/\/fdnoaxaca.net\/index.php\/2020\/12\/18\/detienen-a-pareja-acusada-de-abusar-sexualmente-a-una-adolescente-en-oaxaca\/","title":{"rendered":"Detienen a pareja acusada de abusar sexualmente a una adolescente en Oaxaca"},"content":{"rendered":"\n<p>Oaxaca de Ju\u00e1rez, Oax., 17 de diciembre de 2020.- Una pareja acusada de abuso sexual contra una adolescente, fue puesta en prisi\u00f3n preventiva y vinculada a proceso en Oaxaca, inform\u00f3 la Fiscal\u00eda General de Justicia del estado.<\/p>\n\n\n\n<p>Se trata del individuo J. R. R., y la mujer R. L. J., probables responsables del delito de abuso sexual agravado y violaci\u00f3n equiparada agravada contra una adolescente de 12 a\u00f1os, cometido entre marzo y diciembre de 2020, en Juchit\u00e1n de Zaragoza, en la regi\u00f3n del Istmo.<\/p>\n\n\n\n<p>Los probables responsables fueron detenidos el 8 de diciembre en Juchit\u00e1n de Zaragoza y presentados ante la autoridad judicial que los requiri\u00f3, en cumplimiento a las \u00f3rdenes de aprehensi\u00f3n giradas en su contra.<\/p>\n\n\n\n<p>De acuerdo con la causa penal 443\/2020, entre los meses de marzo y diciembre de 2020, el imputado, con el consentimiento y apoyo de su pareja R. L. J. (madre de la adolescente), presuntamente agredi\u00f3 sexualmente a la v\u00edctima en el interior de su domicilio particular, en el Istmo.<\/p>\n\n\n\n<p>Ante estos hechos y tras la denuncia presentada, la Fiscal\u00eda inici\u00f3 la investigaci\u00f3n \u2013a trav\u00e9s de la Vicefiscal\u00eda Regional del Istmo-, logrando identificar, aprehender y presentar ante el Juzgado de Control a los probables responsables.<\/p>\n\n\n\n<p>En audiencia, el Juez en turno determin\u00f3 vincular a proceso a J. R. R. y la mujer R. L. J., imponi\u00e9ndoles la medida cautelar de prisi\u00f3n preventiva oficiosa y otorg\u00f3 un mes para el cierre de investigaci\u00f3n.<\/p>\n","protected":false},"excerpt":{"rendered":"<p>Oaxaca de Ju\u00e1rez, Oax., 17 de diciembre de 2020.- Una pareja acusada de abuso sexual contra una adolescente, fue puesta en prisi\u00f3n preventiva y vinculada a proceso en Oaxaca, inform\u00f3 la Fiscal\u00eda General de Justicia del estado. Se trata del individuo J. R. R., y la mujer R. L. J., probables responsables del delito de&#8230;<\/p>\n","protected":false},"author":4,"featured_media":6315,"comment_status":"closed","ping_status":"closed","sticky":false,"template":"","format":"standard","meta":{"footnotes":""},"categories":[4],"tags":[],"class_list":["post-6314","post","type-post","status-publish","format-standard","has-post-thumbnail","hentry","category-general"],"_links":{"self":[{"href":"https:\/\/fdnoaxaca.net\/index.php\/wp-json\/wp\/v2\/posts\/6314","targetHints":{"allow":["GET"]}}],"collection":[{"href":"https:\/\/fdnoaxaca.net\/index.php\/wp-json\/wp\/v2\/posts"}],"about":[{"href":"https:\/\/fdnoaxaca.net\/index.php\/wp-json\/wp\/v2\/types\/post"}],"author":[{"embeddable":true,"href":"https:\/\/fdnoaxaca.net\/index.php\/wp-json\/wp\/v2\/users\/4"}],"replies":[{"embeddable":true,"href":"https:\/\/fdnoaxaca.net\/index.php\/wp-json\/wp\/v2\/comments?post=6314"}],"version-history":[{"count":1,"href":"https:\/\/fdnoaxaca.net\/index.php\/wp-json\/wp\/v2\/posts\/6314\/revisions"}],"predecessor-version":[{"id":6316,"href":"https:\/\/fdnoaxaca.net\/index.php\/wp-json\/wp\/v2\/posts\/6314\/revisions\/6316"}],"wp:featuredmedia":[{"embeddable":true,"href":"https:\/\/fdnoaxaca.net\/index.php\/wp-json\/wp\/v2\/media\/6315"}],"wp:attachment":[{"href":"https:\/\/fdnoaxaca.net\/index.php\/wp-json\/wp\/v2\/media?parent=6314"}],"wp:term":[{"taxonomy":"category","embeddable":true,"href":"https:\/\/fdnoaxaca.net\/index.php\/wp-json\/wp\/v2\/categories?post=6314"},{"taxonomy":"post_tag","embeddable":true,"href":"https:\/\/fdnoaxaca.net\/index.php\/wp-json\/wp\/v2\/tags?post=6314"}],"curies":[{"name":"wp","href":"https:\/\/api.w.org\/{rel}","templated":true}]}}