{"id":6329,"date":"2020-12-21T21:50:41","date_gmt":"2020-12-21T21:50:41","guid":{"rendered":"https:\/\/fdnoaxaca.net\/?p=6329"},"modified":"2020-12-21T21:50:45","modified_gmt":"2020-12-21T21:50:45","slug":"se-enfrentan-habitantes-de-santiago-xochiltepec-y-santiago-textitlan-hay-un-muerto","status":"publish","type":"post","link":"https:\/\/fdnoaxaca.net\/index.php\/2020\/12\/21\/se-enfrentan-habitantes-de-santiago-xochiltepec-y-santiago-textitlan-hay-un-muerto\/","title":{"rendered":"Se enfrentan habitantes de Santiago Xochiltepec y Santiago Textitl\u00e1n; hay un muerto"},"content":{"rendered":"\n<p>Oaxaca de Ju\u00e1rez, Oax. 21 de diciembre de 2020.- Un conflicto agrario entre Santiago Xochiltepec y Santiago Textitl\u00e1n, Sola de Vega, deriv\u00f3 en un enfrentamiento entre los pobladores de ambas comunidades de Oaxaca, lo que provoc\u00f3 la muerte de una persona.<\/p>\n\n\n\n<p>Tras los hechos violentos debido al conflicto agrario por l\u00edmites entre ambas comunidades, la Defensor\u00eda de los Derechos Humanos del Pueblo de Oaxaca (DDHPO) emiti\u00f3 medidas cautelares a fin de evitar m\u00e1s da\u00f1os.<\/p>\n\n\n\n<p>El organismo confirm\u00f3 el enfrentamiento con armas de fuego entre pobladores de ambas comunidades, lo que provoc\u00f3 el fallecimiento de una persona, y que pobladores de ambas comunidades se desplazaran a las cabeceras municipales para resguardarse.<\/p>\n\n\n\n<p>Por ello, la Defensor\u00eda inici\u00f3 el cuaderno de antecedentes DDHPO\/CA\/0508\/(20)\/OAX\/2020, y la tarde del domingo 20 de diciembre, emiti\u00f3 medidas cautelares a la Secretar\u00eda de Seguridad P\u00fablica para que elementos de la Polic\u00eda Estatal se constituyan en el lugar del conflicto y garanticen la seguridad p\u00fablica, as\u00ed como la vida e integridad de las personas de las comunidades, adem\u00e1s de quienes transitan por la zona.<\/p>\n\n\n\n<p>Mientras que a la Secretar\u00eda General de Gobierno le pidi\u00f3 que entable mesas de di\u00e1logo y soluci\u00f3n pac\u00edfica de conflictos entre las comunidades de Santiago Xochiltepec y Santiago Textitl\u00e1n como un mecanismo para garantizar la gobernabilidad y los derechos humanos a la vida, seguridad e integridad de las personas que habitan y transitan en la zona de conflicto.<\/p>\n\n\n\n<p>La Defensor\u00eda tambi\u00e9n solicit\u00f3 a la Fiscal\u00eda General del Estado para que se inicie la carpeta de investigaci\u00f3n correspondiente por los delitos que pudieran estarse cometiendo y que dentro de la indagatoria establezca medidas de protecci\u00f3n para garantizar la vida, integridad y derechos humanos de las personas de ambas comunidades.<\/p>\n\n\n\n<p>Asimismo, solicit\u00f3 la colaboraci\u00f3n de la Coordinaci\u00f3n Estatal de la Guardia Nacional para que como medida de protecci\u00f3n instruya elementos de esa instituci\u00f3n para que acudan a la zona de conflicto y garanticen la seguridad p\u00fablica, la vida e integridad de pobladores de ambas comunidades, as\u00ed como de quienes transiten por el lugar.<\/p>\n\n\n\n<p>La Defensor\u00eda de los Derechos Humanos del Pueblo de Oaxaca insisti\u00f3 en la urgencia de emprender estrategias integrales para atender el conflicto, adem\u00e1s hizo un llamado a ambas comunidades a entablar un di\u00e1logo que permita solucionar de manera pac\u00edfica la problem\u00e1tica que enfrentan.<\/p>\n","protected":false},"excerpt":{"rendered":"<p>Oaxaca de Ju\u00e1rez, Oax. 21 de diciembre de 2020.- Un conflicto agrario entre Santiago Xochiltepec y Santiago Textitl\u00e1n, Sola de Vega, deriv\u00f3 en un enfrentamiento entre los pobladores de ambas comunidades de Oaxaca, lo que provoc\u00f3 la muerte de una persona. Tras los hechos violentos debido al conflicto agrario por l\u00edmites entre ambas comunidades, la&#8230;<\/p>\n","protected":false},"author":4,"featured_media":6330,"comment_status":"closed","ping_status":"closed","sticky":false,"template":"","format":"standard","meta":{"footnotes":""},"categories":[49],"tags":[],"class_list":["post-6329","post","type-post","status-publish","format-standard","has-post-thumbnail","hentry","category-titulares"],"_links":{"self":[{"href":"https:\/\/fdnoaxaca.net\/index.php\/wp-json\/wp\/v2\/posts\/6329","targetHints":{"allow":["GET"]}}],"collection":[{"href":"https:\/\/fdnoaxaca.net\/index.php\/wp-json\/wp\/v2\/posts"}],"about":[{"href":"https:\/\/fdnoaxaca.net\/index.php\/wp-json\/wp\/v2\/types\/post"}],"author":[{"embeddable":true,"href":"https:\/\/fdnoaxaca.net\/index.php\/wp-json\/wp\/v2\/users\/4"}],"replies":[{"embeddable":true,"href":"https:\/\/fdnoaxaca.net\/index.php\/wp-json\/wp\/v2\/comments?post=6329"}],"version-history":[{"count":1,"href":"https:\/\/fdnoaxaca.net\/index.php\/wp-json\/wp\/v2\/posts\/6329\/revisions"}],"predecessor-version":[{"id":6331,"href":"https:\/\/fdnoaxaca.net\/index.php\/wp-json\/wp\/v2\/posts\/6329\/revisions\/6331"}],"wp:featuredmedia":[{"embeddable":true,"href":"https:\/\/fdnoaxaca.net\/index.php\/wp-json\/wp\/v2\/media\/6330"}],"wp:attachment":[{"href":"https:\/\/fdnoaxaca.net\/index.php\/wp-json\/wp\/v2\/media?parent=6329"}],"wp:term":[{"taxonomy":"category","embeddable":true,"href":"https:\/\/fdnoaxaca.net\/index.php\/wp-json\/wp\/v2\/categories?post=6329"},{"taxonomy":"post_tag","embeddable":true,"href":"https:\/\/fdnoaxaca.net\/index.php\/wp-json\/wp\/v2\/tags?post=6329"}],"curies":[{"name":"wp","href":"https:\/\/api.w.org\/{rel}","templated":true}]}}