{"id":6364,"date":"2020-12-28T23:25:47","date_gmt":"2020-12-28T23:25:47","guid":{"rendered":"https:\/\/fdnoaxaca.net\/?p=6364"},"modified":"2020-12-28T23:25:50","modified_gmt":"2020-12-28T23:25:50","slug":"invitan-a-disfrutar-de-conciertos-en-linea-a-partir-de-este-lunes","status":"publish","type":"post","link":"https:\/\/fdnoaxaca.net\/index.php\/2020\/12\/28\/invitan-a-disfrutar-de-conciertos-en-linea-a-partir-de-este-lunes\/","title":{"rendered":"Invitan a disfrutar de conciertos en l\u00ednea, a partir de este lunes"},"content":{"rendered":"\n<p>Oaxaca de Ju\u00e1rez, Oax. 28 de diciembre de 2020.- La Secretar\u00eda de las Culturas y Artes de Oaxaca (Seculta) invita a disfrutar de la programaci\u00f3n como parte del Festival Decembrino 2020, el cual ser\u00e1 transmitido a trav\u00e9s de la p\u00e1gina de Facebook https:\/\/www.facebook.com\/seculta.<\/p>\n\n\n\n<p>Este lunes se transmitir\u00e1 el  concierto \u201cCuarteto de Cuerdas\u201d, el martes el concierto \u201cCuarteto de Clarines\u201d, de la Orquesta Sinf\u00f3nica de Oaxaca, ambos a las 20:00 horas, el mi\u00e9rcoles 30 de diciembre se presentar\u00e1 el concierto \u201cCinema Domingo Orchestra\u201d.<\/p>\n\n\n\n<p>El jueves se presentar\u00e1 la Dinast\u00eda D\u00edaz en Concierto Lat\u00edn Oax a las 20:00 horas y una hora m\u00e1s tarde el concierto \u201cNoche de Jazz Navide\u00f1o\u201d del saxofonista \u00c9dgar Segura.<\/p>\n\n\n\n<p>Asimismo, los oaxaque\u00f1os podr\u00e1n disfrutar de los videos \u201cAtr\u00e9vete a contar una historia en corto\u201d, \u201cDocumental pi\u00f1atas posmodernas\u201d, \u201cPresentaci\u00f3n danc\u00edstica Huellas Flamencas\u201d, \u201cCanci\u00f3n 2020\u201d, \u201cFortalecimiento de la identidad Chocholteca\u201d, a trav\u00e9s de un concierto online, todos ellos forman parte de los ganadores de la convocatoria CurArte es Guelaguetza.<\/p>\n\n\n\n<p>La Seculta invita a consultar la cartelera de actividades en las redes sociales oficiales de la dependencia, Facebook: Secretar\u00eda de las Culturas y Artes de Oaxaca; Twitter: @SECULTA_GobOax y en el sitio web: www.culturasyartes.oaxaca.gob.mx.<\/p>\n","protected":false},"excerpt":{"rendered":"<p>Oaxaca de Ju\u00e1rez, Oax. 28 de diciembre de 2020.- La Secretar\u00eda de las Culturas y Artes de Oaxaca (Seculta) invita a disfrutar de la programaci\u00f3n como parte del Festival Decembrino 2020, el cual ser\u00e1 transmitido a trav\u00e9s de la p\u00e1gina de Facebook https:\/\/www.facebook.com\/seculta. Este lunes se transmitir\u00e1 el concierto \u201cCuarteto de Cuerdas\u201d, el martes el&#8230;<\/p>\n","protected":false},"author":4,"featured_media":6365,"comment_status":"closed","ping_status":"closed","sticky":false,"template":"","format":"standard","meta":{"footnotes":""},"categories":[4],"tags":[],"class_list":["post-6364","post","type-post","status-publish","format-standard","has-post-thumbnail","hentry","category-general"],"_links":{"self":[{"href":"https:\/\/fdnoaxaca.net\/index.php\/wp-json\/wp\/v2\/posts\/6364","targetHints":{"allow":["GET"]}}],"collection":[{"href":"https:\/\/fdnoaxaca.net\/index.php\/wp-json\/wp\/v2\/posts"}],"about":[{"href":"https:\/\/fdnoaxaca.net\/index.php\/wp-json\/wp\/v2\/types\/post"}],"author":[{"embeddable":true,"href":"https:\/\/fdnoaxaca.net\/index.php\/wp-json\/wp\/v2\/users\/4"}],"replies":[{"embeddable":true,"href":"https:\/\/fdnoaxaca.net\/index.php\/wp-json\/wp\/v2\/comments?post=6364"}],"version-history":[{"count":1,"href":"https:\/\/fdnoaxaca.net\/index.php\/wp-json\/wp\/v2\/posts\/6364\/revisions"}],"predecessor-version":[{"id":6366,"href":"https:\/\/fdnoaxaca.net\/index.php\/wp-json\/wp\/v2\/posts\/6364\/revisions\/6366"}],"wp:featuredmedia":[{"embeddable":true,"href":"https:\/\/fdnoaxaca.net\/index.php\/wp-json\/wp\/v2\/media\/6365"}],"wp:attachment":[{"href":"https:\/\/fdnoaxaca.net\/index.php\/wp-json\/wp\/v2\/media?parent=6364"}],"wp:term":[{"taxonomy":"category","embeddable":true,"href":"https:\/\/fdnoaxaca.net\/index.php\/wp-json\/wp\/v2\/categories?post=6364"},{"taxonomy":"post_tag","embeddable":true,"href":"https:\/\/fdnoaxaca.net\/index.php\/wp-json\/wp\/v2\/tags?post=6364"}],"curies":[{"name":"wp","href":"https:\/\/api.w.org\/{rel}","templated":true}]}}