{"id":6367,"date":"2020-12-29T16:36:45","date_gmt":"2020-12-29T16:36:45","guid":{"rendered":"https:\/\/fdnoaxaca.net\/?p=6367"},"modified":"2020-12-29T16:36:48","modified_gmt":"2020-12-29T16:36:48","slug":"acumula-oaxaca-27-mil-698-casos-de-covid-19-hay-dos-mil-88-fallecidos","status":"publish","type":"post","link":"https:\/\/fdnoaxaca.net\/index.php\/2020\/12\/29\/acumula-oaxaca-27-mil-698-casos-de-covid-19-hay-dos-mil-88-fallecidos\/","title":{"rendered":"Acumula Oaxaca 27 mil 698 casos de Covid-19; hay dos mil 88 fallecidos"},"content":{"rendered":"\n<p>Oaxaca de Ju\u00e1rez, Oax. 29 de diciembre de 2020.- En Oaxaca, suman 27 mil 698 casos acumulados de Covid-19, hasta el corte del 28 de diciembre.<\/p>\n\n\n\n<p>De acuerdo con los Servicios de Salud, hasta el momento se han notificado 44 mil 111 casos, de los cuales 12 mil 292 han sido negativos, hay cuatro mil 121 sospechosos, 25 mil 162 se han recuperado y dos mil 088 pacientes han fallecido.<\/p>\n\n\n\n<p>La Jurisdicci\u00f3n Sanitaria n\u00famero uno Valles Centrales contabiliza 18 mil 949 casos confirmados y mil 082 defunciones, Istmo dos mil 443 y 326 decesos, Mixteca dos mil 068 y 187 muertes, Tuxtepec mil 947 y 281 fallecimientos, Costa mil 410 y 135 defunciones y la Sierra 881 y 77 decesos.<\/p>\n\n\n\n<p>Los 35 casos nuevos de Covid-19 confirmados el lunes, se registraron en 15 municipios, siendo el de Oaxaca de Ju\u00e1rez el que mayor n\u00famero de casos present\u00f3 con 15; Santa Luc\u00eda del Camino, cinco; Santa Cruz Xoxocotl\u00e1n y San Juan Bautista Tuxtepec dos cada uno; el resto un caso.<\/p>\n\n\n\n<p>Hay 461 casos activos, de los cuales la Jurisdicci\u00f3n Sanitaria n\u00famero uno Valles Centrales registra 361, Mixteca 37, Sierra 19, Costa 17, Istmo 14 y Tuxtepec 13.<\/p>\n\n\n\n<p>De las dos mil 088 defunciones el grupo de edad m\u00e1s afectado es el de 65 y mas a\u00f1os, seguido de 50 a 59 a\u00f1os y 60 a 64 a\u00f1os con 963, 475 y 302 respectivamente. Por sexo, mil 371 han sido hombres y 717 mujeres; las comorbilidades asociadas son diabetes, hipertensi\u00f3n arterial, obesidad e insuficiencia renal.<\/p>\n\n\n\n<p>Actualmente, el estado se encuentra en color naranja en el sem\u00e1foro epidemiol\u00f3gico de riesgo por Covid-19.<\/p>\n","protected":false},"excerpt":{"rendered":"<p>Oaxaca de Ju\u00e1rez, Oax. 29 de diciembre de 2020.- En Oaxaca, suman 27 mil 698 casos acumulados de Covid-19, hasta el corte del 28 de diciembre. De acuerdo con los Servicios de Salud, hasta el momento se han notificado 44 mil 111 casos, de los cuales 12 mil 292 han sido negativos, hay cuatro mil&#8230;<\/p>\n","protected":false},"author":4,"featured_media":6109,"comment_status":"closed","ping_status":"closed","sticky":false,"template":"","format":"standard","meta":{"footnotes":""},"categories":[49],"tags":[],"class_list":["post-6367","post","type-post","status-publish","format-standard","has-post-thumbnail","hentry","category-titulares"],"_links":{"self":[{"href":"https:\/\/fdnoaxaca.net\/index.php\/wp-json\/wp\/v2\/posts\/6367","targetHints":{"allow":["GET"]}}],"collection":[{"href":"https:\/\/fdnoaxaca.net\/index.php\/wp-json\/wp\/v2\/posts"}],"about":[{"href":"https:\/\/fdnoaxaca.net\/index.php\/wp-json\/wp\/v2\/types\/post"}],"author":[{"embeddable":true,"href":"https:\/\/fdnoaxaca.net\/index.php\/wp-json\/wp\/v2\/users\/4"}],"replies":[{"embeddable":true,"href":"https:\/\/fdnoaxaca.net\/index.php\/wp-json\/wp\/v2\/comments?post=6367"}],"version-history":[{"count":1,"href":"https:\/\/fdnoaxaca.net\/index.php\/wp-json\/wp\/v2\/posts\/6367\/revisions"}],"predecessor-version":[{"id":6368,"href":"https:\/\/fdnoaxaca.net\/index.php\/wp-json\/wp\/v2\/posts\/6367\/revisions\/6368"}],"wp:featuredmedia":[{"embeddable":true,"href":"https:\/\/fdnoaxaca.net\/index.php\/wp-json\/wp\/v2\/media\/6109"}],"wp:attachment":[{"href":"https:\/\/fdnoaxaca.net\/index.php\/wp-json\/wp\/v2\/media?parent=6367"}],"wp:term":[{"taxonomy":"category","embeddable":true,"href":"https:\/\/fdnoaxaca.net\/index.php\/wp-json\/wp\/v2\/categories?post=6367"},{"taxonomy":"post_tag","embeddable":true,"href":"https:\/\/fdnoaxaca.net\/index.php\/wp-json\/wp\/v2\/tags?post=6367"}],"curies":[{"name":"wp","href":"https:\/\/api.w.org\/{rel}","templated":true}]}}