{"id":6387,"date":"2021-01-04T15:12:26","date_gmt":"2021-01-04T15:12:26","guid":{"rendered":"https:\/\/fdnoaxaca.net\/?p=6387"},"modified":"2021-01-04T15:12:29","modified_gmt":"2021-01-04T15:12:29","slug":"en-una-semana-849-casos-de-covid-19-y-51-muertes-en-oaxaca","status":"publish","type":"post","link":"https:\/\/fdnoaxaca.net\/index.php\/2021\/01\/04\/en-una-semana-849-casos-de-covid-19-y-51-muertes-en-oaxaca\/","title":{"rendered":"En una semana, 849 casos de Covid-19 y 51 muertes en Oaxaca"},"content":{"rendered":"\n<p>Oaxaca de Ju\u00e1rez, Oax. 4 de enero de 2020.- Del 27 de diciembre de 2020 al 2 de enero de 2021, en Oaxaca se registraron 849 nuevos casos de Covid-19 y 51 nuevos fallecimientos a causa de esta enfermedad.<\/p>\n\n\n\n<p>En el reporte dominical, los Servicios de Salud de Oaxaca informaron que a partir del primer caso registrado en marzo de 2020, en Oaxaca se han reportado 28 mil 512 casos, de los cuales 25 mil 841 se han recuperado y dos mil 133 pacientes han fallecido.<\/p>\n\n\n\n<p>Tan solo durante la semana del 27 de diciembre al 2 de enero se sumaron 849 nuevos casos y 51 nuevos fallecimientos. <\/p>\n\n\n\n<p>Actualmente la Jurisdicci\u00f3n Sanitaria 1, Valles Centrales, registr\u00f3 703 nuevos casos y 33 nuevos fallecimientos; seguido de la Jurisdicci\u00f3n Sanitaria 2, Istmo, con 31 nuevos contagios y cuatro decesos; la Jurisdicci\u00f3n Sanitaria 3, Tuxtepec, con 35 casos nuevos y dos defunciones; la Jurisdicci\u00f3n Sanitaria 4, Costa, que registr\u00f3 38 nuevos contagios y seis defunciones decesos; la Jurisdicci\u00f3n Sanitaria 5, Mixteca, sum\u00f3 14 nuevos casos y cuatro fallecimientos; y finalmente la Jurisdicci\u00f3n Sanitaria 6, Sierra, aument\u00f3 28 nuevos casos y dos muertes.<\/p>\n\n\n\n<p>En tanto, el promedio estatal de ocupaci\u00f3n hospitalaria durante la reciente semana que concluy\u00f3, fue de 45.8%, subrayando que los hospitales de la capital y municipios conurbados est\u00e1n por llegar al 100% de ocupaci\u00f3n, por lo que la dependencia exhort\u00f3 a la poblaci\u00f3n extremar las medidas de prevenci\u00f3n.<\/p>\n","protected":false},"excerpt":{"rendered":"<p>Oaxaca de Ju\u00e1rez, Oax. 4 de enero de 2020.- Del 27 de diciembre de 2020 al 2 de enero de 2021, en Oaxaca se registraron 849 nuevos casos de Covid-19 y 51 nuevos fallecimientos a causa de esta enfermedad. En el reporte dominical, los Servicios de Salud de Oaxaca informaron que a partir del primer&#8230;<\/p>\n","protected":false},"author":4,"featured_media":6342,"comment_status":"closed","ping_status":"closed","sticky":false,"template":"","format":"standard","meta":{"footnotes":""},"categories":[49],"tags":[],"class_list":["post-6387","post","type-post","status-publish","format-standard","has-post-thumbnail","hentry","category-titulares"],"_links":{"self":[{"href":"https:\/\/fdnoaxaca.net\/index.php\/wp-json\/wp\/v2\/posts\/6387","targetHints":{"allow":["GET"]}}],"collection":[{"href":"https:\/\/fdnoaxaca.net\/index.php\/wp-json\/wp\/v2\/posts"}],"about":[{"href":"https:\/\/fdnoaxaca.net\/index.php\/wp-json\/wp\/v2\/types\/post"}],"author":[{"embeddable":true,"href":"https:\/\/fdnoaxaca.net\/index.php\/wp-json\/wp\/v2\/users\/4"}],"replies":[{"embeddable":true,"href":"https:\/\/fdnoaxaca.net\/index.php\/wp-json\/wp\/v2\/comments?post=6387"}],"version-history":[{"count":1,"href":"https:\/\/fdnoaxaca.net\/index.php\/wp-json\/wp\/v2\/posts\/6387\/revisions"}],"predecessor-version":[{"id":6388,"href":"https:\/\/fdnoaxaca.net\/index.php\/wp-json\/wp\/v2\/posts\/6387\/revisions\/6388"}],"wp:featuredmedia":[{"embeddable":true,"href":"https:\/\/fdnoaxaca.net\/index.php\/wp-json\/wp\/v2\/media\/6342"}],"wp:attachment":[{"href":"https:\/\/fdnoaxaca.net\/index.php\/wp-json\/wp\/v2\/media?parent=6387"}],"wp:term":[{"taxonomy":"category","embeddable":true,"href":"https:\/\/fdnoaxaca.net\/index.php\/wp-json\/wp\/v2\/categories?post=6387"},{"taxonomy":"post_tag","embeddable":true,"href":"https:\/\/fdnoaxaca.net\/index.php\/wp-json\/wp\/v2\/tags?post=6387"}],"curies":[{"name":"wp","href":"https:\/\/api.w.org\/{rel}","templated":true}]}}