{"id":6395,"date":"2021-01-05T03:34:15","date_gmt":"2021-01-05T03:34:15","guid":{"rendered":"https:\/\/fdnoaxaca.net\/?p=6395"},"modified":"2021-01-05T03:34:22","modified_gmt":"2021-01-05T03:34:22","slug":"suma-oaxaca-28-mil-557-casos-acumulados-de-covid-19","status":"publish","type":"post","link":"https:\/\/fdnoaxaca.net\/index.php\/2021\/01\/05\/suma-oaxaca-28-mil-557-casos-acumulados-de-covid-19\/","title":{"rendered":"Suma Oaxaca 28 mil 557 casos acumulados de Covid-19"},"content":{"rendered":"\n<p>Oaxaca de Ju\u00e1rez, Oax. 4 de enero de 2021.- Los Servicios de Salud de Oaxaca (SSO), informan que del 1 al 4 de enero del presente a\u00f1o, se confirmaron 241 casos nuevos de Covid-19 en la entidad.<\/p>\n\n\n\n<p>Esta cifra suma un total de 28 mil 557 casos de contagio acumulados, siendo la Jurisdicci\u00f3n Sanitaria m\u00e1s afectada Valles Centrales con 19 mil 626 positivos.<\/p>\n\n\n\n<p>Seguido del Istmo con dos mil 474 contagios, Mixteca con dos mil 118, Tuxtepec con mil 978, Costa con mil 453 y Sierra con 908, as\u00ed lo se\u00f1al\u00f3 el subdirector general de Innovaci\u00f3n y Calidad de los SSO, H\u00e9ctor Matus Santiago.<\/p>\n\n\n\n<p>Actualmente existen en el estado 416 personas que cursan con la enfermedad respiratoria en etapa activa, con la mayor incidencia en Valles Centrales y la Mixteca.<\/p>\n\n\n\n<p>Hasta ahora se tiene un global de 45 mil 444 personas que han presentado s\u00edntomas relacionados con la enfermedad, 12 mil 781 negativos, cuatro mil 106 sospechosos y 26 mil 014 recuperados.<\/p>\n\n\n\n<p>La cifra de defunciones en este \u00faltimo corte epidemiol\u00f3gico subi\u00f3 a dos mil 143 decesos, seis m\u00e1s con respecto al d\u00eda de ayer; siendo los grupos de edad con alta mortalidad, los mayores de 50 a\u00f1os, quienes al momento suman el 83.4% del total de muertes.<\/p>\n\n\n\n<p>Y es que dijo, que las personas en el rango de edad de 60 a 64 a\u00f1os notifican 990 p\u00e9rdidas fatales, seguido por el 50 a 59 a\u00f1os con 486, y de 60 a 64 con 309 fallecimientos.<\/p>\n\n\n\n<p>Por otra parte, el n\u00famero de personas que requirieron hospitalizaci\u00f3n desde que inici\u00f3 la pandemia alcanz\u00f3 los cinco mil 072 pacientes y 23 mil 485 casos ambulatorios. <\/p>\n\n\n\n<p>En cuanto a la atenci\u00f3n m\u00e9dica, al corte de este 4 de enero, la ocupaci\u00f3n hospitalaria se encuentra al 49.5% en general, 55.1% corresponde a camas sin ventilador y el 38% a terapia intensiva.<\/p>\n","protected":false},"excerpt":{"rendered":"<p>Oaxaca de Ju\u00e1rez, Oax. 4 de enero de 2021.- Los Servicios de Salud de Oaxaca (SSO), informan que del 1 al 4 de enero del presente a\u00f1o, se confirmaron 241 casos nuevos de Covid-19 en la entidad. Esta cifra suma un total de 28 mil 557 casos de contagio acumulados, siendo la Jurisdicci\u00f3n Sanitaria m\u00e1s&#8230;<\/p>\n","protected":false},"author":4,"featured_media":5461,"comment_status":"closed","ping_status":"closed","sticky":false,"template":"","format":"standard","meta":{"footnotes":""},"categories":[49],"tags":[],"class_list":["post-6395","post","type-post","status-publish","format-standard","has-post-thumbnail","hentry","category-titulares"],"_links":{"self":[{"href":"https:\/\/fdnoaxaca.net\/index.php\/wp-json\/wp\/v2\/posts\/6395","targetHints":{"allow":["GET"]}}],"collection":[{"href":"https:\/\/fdnoaxaca.net\/index.php\/wp-json\/wp\/v2\/posts"}],"about":[{"href":"https:\/\/fdnoaxaca.net\/index.php\/wp-json\/wp\/v2\/types\/post"}],"author":[{"embeddable":true,"href":"https:\/\/fdnoaxaca.net\/index.php\/wp-json\/wp\/v2\/users\/4"}],"replies":[{"embeddable":true,"href":"https:\/\/fdnoaxaca.net\/index.php\/wp-json\/wp\/v2\/comments?post=6395"}],"version-history":[{"count":1,"href":"https:\/\/fdnoaxaca.net\/index.php\/wp-json\/wp\/v2\/posts\/6395\/revisions"}],"predecessor-version":[{"id":6396,"href":"https:\/\/fdnoaxaca.net\/index.php\/wp-json\/wp\/v2\/posts\/6395\/revisions\/6396"}],"wp:featuredmedia":[{"embeddable":true,"href":"https:\/\/fdnoaxaca.net\/index.php\/wp-json\/wp\/v2\/media\/5461"}],"wp:attachment":[{"href":"https:\/\/fdnoaxaca.net\/index.php\/wp-json\/wp\/v2\/media?parent=6395"}],"wp:term":[{"taxonomy":"category","embeddable":true,"href":"https:\/\/fdnoaxaca.net\/index.php\/wp-json\/wp\/v2\/categories?post=6395"},{"taxonomy":"post_tag","embeddable":true,"href":"https:\/\/fdnoaxaca.net\/index.php\/wp-json\/wp\/v2\/tags?post=6395"}],"curies":[{"name":"wp","href":"https:\/\/api.w.org\/{rel}","templated":true}]}}