{"id":6442,"date":"2021-01-13T17:07:14","date_gmt":"2021-01-13T17:07:14","guid":{"rendered":"https:\/\/fdnoaxaca.net\/?p=6442"},"modified":"2021-01-13T17:07:20","modified_gmt":"2021-01-13T17:07:20","slug":"inicia-vacunacion-a-personal-de-salud-contra-covid-19-en-oaxaca","status":"publish","type":"post","link":"https:\/\/fdnoaxaca.net\/index.php\/2021\/01\/13\/inicia-vacunacion-a-personal-de-salud-contra-covid-19-en-oaxaca\/","title":{"rendered":"Inicia vacunaci\u00f3n a personal de salud contra Covid-19 en Oaxaca"},"content":{"rendered":"\n<p>Oaxaca de Ju\u00e1rez, Oax. 13 de enero de 2021.- Erwin Javier Trujillo, se convirti\u00f3 en el primer enfermero en ser vacunado contra el Covid-19 en el Hospital del Instituto Mexicano del Seguro Social (IMSS), que este mi\u00e9rcoles comenz\u00f3 en Oaxaca la aplicaci\u00f3n de las vacunas al personal de salud.<\/p>\n\n\n\n<figure class=\"wp-block-image\"><img loading=\"lazy\" decoding=\"async\" width=\"907\" height=\"582\" src=\"https:\/\/fdnoaxaca.net\/wp-content\/uploads\/2021\/01\/PicsArt_01-13-12.20.12.jpg\" alt=\"\" class=\"wp-image-6443\" srcset=\"https:\/\/fdnoaxaca.net\/wp-content\/uploads\/2021\/01\/PicsArt_01-13-12.20.12.jpg 907w, https:\/\/fdnoaxaca.net\/wp-content\/uploads\/2021\/01\/PicsArt_01-13-12.20.12-300x193.jpg 300w, https:\/\/fdnoaxaca.net\/wp-content\/uploads\/2021\/01\/PicsArt_01-13-12.20.12-768x493.jpg 768w\" sizes=\"auto, (max-width: 907px) 100vw, 907px\" \/><\/figure>\n\n\n\n<p>Desde que a Oaxaca lleg\u00f3 la emergencia sanitaria derivada del coronavirus, en marzo de 2020, Javier Trujillo ha estado en la primera l\u00ednea de atenci\u00f3n en la Unidad de Cuidados Intensivos del IMSS en la capital del estado.<\/p>\n\n\n\n<p>Al igual que \u00e9l, Irma Br\u00edgida, de 67 a\u00f1os, tambi\u00e9n fue la primera en recibir la vacuna contra el Covid-19 en el hospital del ISSSTE Presidente Ju\u00e1rez. Ella tiene 67 a\u00f1os y labora en el \u00e1rea de alimentaci\u00f3n de este sanatorio.<\/p>\n\n\n\n<figure class=\"wp-block-image\"><img loading=\"lazy\" decoding=\"async\" width=\"725\" height=\"595\" src=\"https:\/\/fdnoaxaca.net\/wp-content\/uploads\/2021\/01\/2xbwbj.jpg\" alt=\"\" class=\"wp-image-6444\" srcset=\"https:\/\/fdnoaxaca.net\/wp-content\/uploads\/2021\/01\/2xbwbj.jpg 725w, https:\/\/fdnoaxaca.net\/wp-content\/uploads\/2021\/01\/2xbwbj-300x246.jpg 300w\" sizes=\"auto, (max-width: 725px) 100vw, 725px\" \/><\/figure>\n\n\n\n<p>Fue as\u00ed como en Oaxaca este mi\u00e9rcoles comenz\u00f3 la aplicaci\u00f3n de las vacunas contra el Covid-19 al personal de salud que se encuentra en primera l\u00ednea atendiendo a la poblaci\u00f3n infectada del virus SARS-CoV-2.<\/p>\n\n\n\n<figure class=\"wp-block-image\"><img loading=\"lazy\" decoding=\"async\" width=\"855\" height=\"613\" src=\"https:\/\/fdnoaxaca.net\/wp-content\/uploads\/2021\/01\/PicsArt_01-13-12.21.08.jpg\" alt=\"\" class=\"wp-image-6445\" srcset=\"https:\/\/fdnoaxaca.net\/wp-content\/uploads\/2021\/01\/PicsArt_01-13-12.21.08.jpg 855w, https:\/\/fdnoaxaca.net\/wp-content\/uploads\/2021\/01\/PicsArt_01-13-12.21.08-300x215.jpg 300w, https:\/\/fdnoaxaca.net\/wp-content\/uploads\/2021\/01\/PicsArt_01-13-12.21.08-768x551.jpg 768w\" sizes=\"auto, (max-width: 855px) 100vw, 855px\" \/><\/figure>\n\n\n\n<p>La tarde del martes lleg\u00f3 a Oaxaca el primer lote de vacunas que consta de 19 mil 500 dosis, todas previstas para su aplicaci\u00f3n en el personal de salud de las seis jurisdicciones del estado, inform\u00f3 el gobernador Alejandro Murat Hinojosa.<\/p>\n\n\n\n<p>En Oaxaca, hasta el momento suman 30 mil 246 contagios acumulados de Covid-19, de los cuales, dos mil 240 pacientes han fallecido.<\/p>\n","protected":false},"excerpt":{"rendered":"<p>Oaxaca de Ju\u00e1rez, Oax. 13 de enero de 2021.- Erwin Javier Trujillo, se convirti\u00f3 en el primer enfermero en ser vacunado contra el Covid-19 en el Hospital del Instituto Mexicano del Seguro Social (IMSS), que este mi\u00e9rcoles comenz\u00f3 en Oaxaca la aplicaci\u00f3n de las vacunas al personal de salud. Desde que a Oaxaca lleg\u00f3 la&#8230;<\/p>\n","protected":false},"author":4,"featured_media":6446,"comment_status":"closed","ping_status":"closed","sticky":false,"template":"","format":"standard","meta":{"footnotes":""},"categories":[49],"tags":[],"class_list":["post-6442","post","type-post","status-publish","format-standard","has-post-thumbnail","hentry","category-titulares"],"_links":{"self":[{"href":"https:\/\/fdnoaxaca.net\/index.php\/wp-json\/wp\/v2\/posts\/6442","targetHints":{"allow":["GET"]}}],"collection":[{"href":"https:\/\/fdnoaxaca.net\/index.php\/wp-json\/wp\/v2\/posts"}],"about":[{"href":"https:\/\/fdnoaxaca.net\/index.php\/wp-json\/wp\/v2\/types\/post"}],"author":[{"embeddable":true,"href":"https:\/\/fdnoaxaca.net\/index.php\/wp-json\/wp\/v2\/users\/4"}],"replies":[{"embeddable":true,"href":"https:\/\/fdnoaxaca.net\/index.php\/wp-json\/wp\/v2\/comments?post=6442"}],"version-history":[{"count":1,"href":"https:\/\/fdnoaxaca.net\/index.php\/wp-json\/wp\/v2\/posts\/6442\/revisions"}],"predecessor-version":[{"id":6447,"href":"https:\/\/fdnoaxaca.net\/index.php\/wp-json\/wp\/v2\/posts\/6442\/revisions\/6447"}],"wp:featuredmedia":[{"embeddable":true,"href":"https:\/\/fdnoaxaca.net\/index.php\/wp-json\/wp\/v2\/media\/6446"}],"wp:attachment":[{"href":"https:\/\/fdnoaxaca.net\/index.php\/wp-json\/wp\/v2\/media?parent=6442"}],"wp:term":[{"taxonomy":"category","embeddable":true,"href":"https:\/\/fdnoaxaca.net\/index.php\/wp-json\/wp\/v2\/categories?post=6442"},{"taxonomy":"post_tag","embeddable":true,"href":"https:\/\/fdnoaxaca.net\/index.php\/wp-json\/wp\/v2\/tags?post=6442"}],"curies":[{"name":"wp","href":"https:\/\/api.w.org\/{rel}","templated":true}]}}