{"id":6526,"date":"2021-01-25T18:43:45","date_gmt":"2021-01-25T18:43:45","guid":{"rendered":"https:\/\/fdnoaxaca.net\/?p=6526"},"modified":"2021-01-25T18:43:56","modified_gmt":"2021-01-25T18:43:56","slug":"incrementa-en-oaxaca-a-63-6-la-ocupacion-hospitalaria-por-casos-de-covid-19","status":"publish","type":"post","link":"https:\/\/fdnoaxaca.net\/index.php\/2021\/01\/25\/incrementa-en-oaxaca-a-63-6-la-ocupacion-hospitalaria-por-casos-de-covid-19\/","title":{"rendered":"Incrementa en Oaxaca a 63.6% la ocupaci\u00f3n hospitalaria por casos de Covid-19"},"content":{"rendered":"\n<p>Oaxaca de Ju\u00e1rez, Oax. 25 de enero de 2021.- Oaxaca continuar\u00e1 en sem\u00e1foro naranja pese al incremento de casos de contagio de Covid-19 y fallecimientos en el estado, inform\u00f3 el gobernador Alejandro Murat Hinojosa.<\/p>\n\n\n\n<p>Durante su mensaje dominical, asever\u00f3 que debido al incremento de contagios registrados en la \u00faltima semana, por las reuniones familiares durante las fiestas decembrinas, de fin de a\u00f1o y del D\u00eda de Reyes, se ha implementado un protocolo para la ampliaci\u00f3n de camas. \u201cEstamos preparados para atenderte\u201d, afirm\u00f3.<\/p>\n\n\n\n<p>En su oportunidad, el secretario de Salud, Juan Carlos M\u00e1rquez Heine, explic\u00f3 que las actividades econ\u00f3micas no esenciales pueden llevarse a cabo; sin embargo, deben realizarse con estrictos protocolos de seguridad como: filtros sanitarios, servicio en espacios ventilados y sana distancia.<\/p>\n\n\n\n<p>Inform\u00f3 que en los \u00faltimos 10 d\u00edas se registr\u00f3 un incremento importante en los contagios notificados diariamente en el territorio oaxaque\u00f1o y por consecuencia, en las hospitalizaciones y fallecimientos. <\/p>\n\n\n\n<p>Detall\u00f3 que del 17 al 24 de enero se sumaron mil 838 nuevos casos y 130 fallecimientos. En total, desde el inicio de la pandemia en la entidad y hasta el domingo 24 de enero, se han registrado un acumulado de 33 mil 304 personas positivas a Covid-19, de los cuales 30 mil 156 se han recuperado y dos mil 419 han perdido la vida.<\/p>\n\n\n\n<p>En cuanto a la ocupaci\u00f3n hospitalaria, dijo, esta semana alcanz\u00f3 el 63.6% a nivel estatal; en este indicador destacan las Jurisdicciones Sanitarias de los Valles Centrales y la Mixteca, en donde se alcanz\u00f3 un 75.6% y 68.6%, respectivamente.<\/p>\n\n\n\n<p>\u201cPara que la curva de contagios logre descender, se requiere del compromiso de  todos, con las medidas de prevenci\u00f3n como el uso del cubrebocas, el lavado de manos y de que te quedes en casa todo el tiempo que te sea posible\u201d enfatiz\u00f3 el funcionario.<\/p>\n\n\n\n<p>En este sentido, exhort\u00f3 a las personas, especialmente a los residentes de la capital del estado, as\u00ed como de las agencias y municipios conurbados, a reforzar las medidas de prevenci\u00f3n para mantener el equilibrio entre reactivaci\u00f3n econ\u00f3mica y cuidado de la salud.<\/p>\n","protected":false},"excerpt":{"rendered":"<p>Oaxaca de Ju\u00e1rez, Oax. 25 de enero de 2021.- Oaxaca continuar\u00e1 en sem\u00e1foro naranja pese al incremento de casos de contagio de Covid-19 y fallecimientos en el estado, inform\u00f3 el gobernador Alejandro Murat Hinojosa. Durante su mensaje dominical, asever\u00f3 que debido al incremento de contagios registrados en la \u00faltima semana, por las reuniones familiares durante&#8230;<\/p>\n","protected":false},"author":4,"featured_media":6527,"comment_status":"closed","ping_status":"closed","sticky":false,"template":"","format":"standard","meta":{"footnotes":""},"categories":[49],"tags":[],"class_list":["post-6526","post","type-post","status-publish","format-standard","has-post-thumbnail","hentry","category-titulares"],"_links":{"self":[{"href":"https:\/\/fdnoaxaca.net\/index.php\/wp-json\/wp\/v2\/posts\/6526","targetHints":{"allow":["GET"]}}],"collection":[{"href":"https:\/\/fdnoaxaca.net\/index.php\/wp-json\/wp\/v2\/posts"}],"about":[{"href":"https:\/\/fdnoaxaca.net\/index.php\/wp-json\/wp\/v2\/types\/post"}],"author":[{"embeddable":true,"href":"https:\/\/fdnoaxaca.net\/index.php\/wp-json\/wp\/v2\/users\/4"}],"replies":[{"embeddable":true,"href":"https:\/\/fdnoaxaca.net\/index.php\/wp-json\/wp\/v2\/comments?post=6526"}],"version-history":[{"count":1,"href":"https:\/\/fdnoaxaca.net\/index.php\/wp-json\/wp\/v2\/posts\/6526\/revisions"}],"predecessor-version":[{"id":6528,"href":"https:\/\/fdnoaxaca.net\/index.php\/wp-json\/wp\/v2\/posts\/6526\/revisions\/6528"}],"wp:featuredmedia":[{"embeddable":true,"href":"https:\/\/fdnoaxaca.net\/index.php\/wp-json\/wp\/v2\/media\/6527"}],"wp:attachment":[{"href":"https:\/\/fdnoaxaca.net\/index.php\/wp-json\/wp\/v2\/media?parent=6526"}],"wp:term":[{"taxonomy":"category","embeddable":true,"href":"https:\/\/fdnoaxaca.net\/index.php\/wp-json\/wp\/v2\/categories?post=6526"},{"taxonomy":"post_tag","embeddable":true,"href":"https:\/\/fdnoaxaca.net\/index.php\/wp-json\/wp\/v2\/tags?post=6526"}],"curies":[{"name":"wp","href":"https:\/\/api.w.org\/{rel}","templated":true}]}}